{"id":36866,"date":"2022-12-14T12:25:50","date_gmt":"2022-12-14T12:25:50","guid":{"rendered":"https:\/\/armstrongyregion.com.ar\/diario\/?p=36866"},"modified":"2022-12-14T12:25:54","modified_gmt":"2022-12-14T12:25:54","slug":"la-provincia-realizo-en-rosario-una-nueva-reunion-del-consejo-provincial-de-ninas-ninos-y-adolescentes","status":"publish","type":"post","link":"https:\/\/armstrongyregion.com.ar\/diario\/la-provincia-realizo-en-rosario-una-nueva-reunion-del-consejo-provincial-de-ninas-ninos-y-adolescentes\/","title":{"rendered":"La provincia realiz\u00f3 en Rosario una nueva reuni\u00f3n del Consejo Provincial de Ni\u00f1as, Ni\u00f1os y Adolescentes."},"content":{"rendered":"\n<figure class=\"wp-block-image size-full\"><a href=\"http:\/\/armstrongyregion.com.ar\/diario\/wp-content\/uploads\/2022\/12\/Ninas-Ninos-.jpg\"><img loading=\"lazy\" decoding=\"async\" width=\"570\" height=\"320\" src=\"http:\/\/armstrongyregion.com.ar\/diario\/wp-content\/uploads\/2022\/12\/Ninas-Ninos-.jpg\" alt=\"\" class=\"wp-image-36867\" srcset=\"https:\/\/armstrongyregion.com.ar\/diario\/wp-content\/uploads\/2022\/12\/Ninas-Ninos-.jpg 570w, https:\/\/armstrongyregion.com.ar\/diario\/wp-content\/uploads\/2022\/12\/Ninas-Ninos--300x168.jpg 300w\" sizes=\"auto, (max-width: 570px) 100vw, 570px\" \/><\/a><\/figure>\n\n\n\n<h2 class=\"wp-block-heading\"><em>El \u00f3rgano debati\u00f3 sobre tem\u00e1ticas espec\u00edficas de las diferentes \u00e1reas de ni\u00f1ez y adolescencias y se proyectaron propuestas de pol\u00edticas p\u00fablicas a futuro.<\/em><\/h2>\n\n\n\n<p>El Ministerio de Desarrollo Social, a trav\u00e9s de la Secretar\u00eda de los Derechos de la Ni\u00f1ez, Adolescencia y Familia, llev\u00f3 a cabo en el sal\u00f3n Rodolfo Wash de la Sede de Gobierno de la ciudad de Rosario, una nueva asamblea del Consejo Provincial de Ni\u00f1as, Ni\u00f1os y Adolescentes.<\/p>\n\n\n\n<p>El Consejo tiene por objetivo ser representativo de todas las realidades de la ni\u00f1ez y adolescencia de la provincia, como as\u00ed tambi\u00e9n agilizar el dise\u00f1o, aplicaci\u00f3n y control de pol\u00edticas p\u00fablicas, adem\u00e1s de garantizar una participaci\u00f3n democr\u00e1tica de los actores y sectores involucrados en la problem\u00e1tica de ni\u00f1os, ni\u00f1as y adolescentes.<\/p>\n\n\n\n<p>Durante la asamblea, el consejo debati\u00f3 sobre tem\u00e1ticas espec\u00edficas de las diferentes \u00e1reas de ni\u00f1ez y adolescencias y se proyectaron propuestas de pol\u00edticas p\u00fablicas a futuro que se implementar\u00e1n en el territorio.<\/p>\n\n\n\n<p>En esta oportunidad se destac\u00f3 la participaci\u00f3n de las y los j\u00f3venes que, a trav\u00e9s de su palabra y su sentir, aportaron una perspectiva muy necesaria a la hora de pensar las problem\u00e1ticas de ni\u00f1os, ni\u00f1as y adolescentes.<\/p>\n\n\n\n<p>Cabe recordar que el Consejo, conformado por diferentes estamentos del Estado provincial, se constituye como un \u00f3rgano deliberativo y las propuestas que emanan del mismo tienen influencia en las pol\u00edticas p\u00fablicas que lleva adelante el Ejecutivo provincial.<\/p>\n\n\n\n<p>Al respecto, el ministro de Desarrollo Social, Danilo Capitani afirm\u00f3 que \u201ceste es un espacio que desde nuestro lugar vamos a seguir fortaleciendo, un lugar de intercambio de experiencias y debate sobre temas fundamentales que conciernen a ni\u00f1ez y adolescencia\u201d. Y agreg\u00f3, \u201centre todos debemos deliberar sobre nuevas normativas que involucren a los diferentes actores que hoy se encuentran en el \u00e1mbito de la realidad por la que transita la secretar\u00eda\u201d.<\/p>\n\n\n\n<p>Por su parte, la secretaria de los Derechos de la Ni\u00f1ez, Adolescencia y Familia, Patricia Chialvo expres\u00f3 que \u201ceste consejo se constituy\u00f3 como un espacio de debate y exposici\u00f3n de problem\u00e1ticas, para entre todos, poder desarrollar ideas y conceptos que se transformen en pol\u00edticas p\u00fablicas que podamos llevar a territorio\u201d.<\/p>\n\n\n\n<p>Por \u00faltimo, el secretario Nacional de Ni\u00f1ez, Gabriel Lerner, concluy\u00f3: \u201cEste es un \u00e1mbito que nos posibilita debatir y contrastar experiencias y a la vez, exponer las pol\u00edticas p\u00fablicas conjuntas que estamos llevando adelante en la provincia, como la construcci\u00f3n y refacci\u00f3n de espacios de primera infancia, la implementaci\u00f3n de la l\u00ednea telef\u00f3nica 102, la implementaci\u00f3n de nuevos soportes digitales para todos los registros, las capacitaciones permanentes y en diversidad de tem\u00e1ticas de ni\u00f1ez y adolescencia; todas herramientas tendientes a beneficiar a las infancias y restituir derechos vulnerados\u201d.<\/p>\n\n\n\n<p><strong>EL<\/strong><strong>&nbsp;<\/strong><strong>CONSEJO<\/strong><br>&nbsp;<\/p>\n\n\n\n<p>Est\u00e1 establecido a trav\u00e9s de la Ley N\u00b0 12967 de Promoci\u00f3n y Protecci\u00f3n de los Derechos de las Ni\u00f1as, Ni\u00f1os y Adolescentes, y se constituye como un \u00f3rgano que debe funcionar en representaci\u00f3n de todas las instituciones y organizaciones intervinientes en las diferentes problem\u00e1ticas que involucren a la ni\u00f1ez y adolescencia.<\/p>\n\n\n\n<p>Est\u00e1 conformado por representantes de los distintos ministerios del Poder Ejecutivo provincial, Poder Legislativo, Poder Judicial, los colegios profesionales, universidades p\u00fablicas y privadas, municipios y comunas y organizaciones no gubernamentales.<\/p>\n\n\n\n<p>Participaron de la jornada, la subsecretaria de Promoci\u00f3n de los Derechos de la Ni\u00f1ez, Adolescencia y Familia, Patricia Virgilio; la subsecretaria de Prevenci\u00f3n de Salud y Trayectorias Educativas de Ni\u00f1as, Ni\u00f1os y Adolescentes, Adriana Lusso; los directores de Promoci\u00f3n de los Derechos de Ni\u00f1ez, Adolescencia y Familia, por Rosario, Florencia Ghiselli, por el interior, Agust\u00edn Codevilla y por Santa Fe, In\u00e9s Colmegna; el director de Prevenci\u00f3n de Salud y Trayectorias Educativas de Ni\u00f1as, Ni\u00f1os y Adolescentes, Jorge Morales, y el secretario de Desarrollo Humano y H\u00e1bitat de la ciudad de Rosario, Nicol\u00e1s Gianelloni.<\/p>\n\n\n\n<p>Adem\u00e1s, estuvieron presentes, delegadas de Venado Tuerto, Rafaela, Reconquista, Villa Constituci\u00f3n, consejeros, consejeras, y adolescencias representantes de las tres regiones en qu\u00e9 se divide el trabajo territorial del consejo.<\/p>\n","protected":false},"excerpt":{"rendered":"<p>El \u00f3rgano debati\u00f3 sobre tem\u00e1ticas espec\u00edficas de las diferentes \u00e1reas de ni\u00f1ez y adolescencias y se proyectaron propuestas de pol\u00edticas p\u00fablicas a futuro. El Ministerio de Desarrollo Social, a trav\u00e9s de la Secretar\u00eda de los Derechos de la Ni\u00f1ez, Adolescencia y Familia, llev\u00f3 a cabo en el sal\u00f3n Rodolfo Wash de la Sede de Gobierno <a href=\"https:\/\/armstrongyregion.com.ar\/diario\/la-provincia-realizo-en-rosario-una-nueva-reunion-del-consejo-provincial-de-ninas-ninos-y-adolescentes\/\" title=\"Read more\" >&#8230;<\/a><\/p>\n","protected":false},"author":1,"featured_media":36867,"comment_status":"open","ping_status":"open","sticky":false,"template":"","format":"image","meta":{"_jetpack_memberships_contains_paid_content":false,"footnotes":"","jetpack_publicize_message":"","jetpack_publicize_feature_enabled":true,"jetpack_social_post_already_shared":true,"jetpack_social_options":{"image_generator_settings":{"template":"highway","default_image_id":0,"enabled":false},"version":2}},"categories":[8,1,2,7,3],"tags":[8749,2281,7728,8748,928,462],"class_list":["post-36866","post","type-post","status-publish","format-image","has-post-thumbnail","hentry","category-deliberando","category-diario-armstrong","category-locales","category-politica","category-region","tag-adolescentes","tag-consejo","tag-ninas","tag-ninos-2","tag-provincial","tag-reunion","post_format-post-format-image"],"jetpack_publicize_connections":[],"jetpack_featured_media_url":"https:\/\/armstrongyregion.com.ar\/diario\/wp-content\/uploads\/2022\/12\/Ninas-Ninos-.jpg","jetpack_shortlink":"https:\/\/wp.me\/p62QDO-9AC","jetpack_sharing_enabled":true,"amp_enabled":true,"_links":{"self":[{"href":"https:\/\/armstrongyregion.com.ar\/diario\/wp-json\/wp\/v2\/posts\/36866","targetHints":{"allow":["GET"]}}],"collection":[{"href":"https:\/\/armstrongyregion.com.ar\/diario\/wp-json\/wp\/v2\/posts"}],"about":[{"href":"https:\/\/armstrongyregion.com.ar\/diario\/wp-json\/wp\/v2\/types\/post"}],"author":[{"embeddable":true,"href":"https:\/\/armstrongyregion.com.ar\/diario\/wp-json\/wp\/v2\/users\/1"}],"replies":[{"embeddable":true,"href":"https:\/\/armstrongyregion.com.ar\/diario\/wp-json\/wp\/v2\/comments?post=36866"}],"version-history":[{"count":2,"href":"https:\/\/armstrongyregion.com.ar\/diario\/wp-json\/wp\/v2\/posts\/36866\/revisions"}],"predecessor-version":[{"id":36869,"href":"https:\/\/armstrongyregion.com.ar\/diario\/wp-json\/wp\/v2\/posts\/36866\/revisions\/36869"}],"wp:featuredmedia":[{"embeddable":true,"href":"https:\/\/armstrongyregion.com.ar\/diario\/wp-json\/wp\/v2\/media\/36867"}],"wp:attachment":[{"href":"https:\/\/armstrongyregion.com.ar\/diario\/wp-json\/wp\/v2\/media?parent=36866"}],"wp:term":[{"taxonomy":"category","embeddable":true,"href":"https:\/\/armstrongyregion.com.ar\/diario\/wp-json\/wp\/v2\/categories?post=36866"},{"taxonomy":"post_tag","embeddable":true,"href":"https:\/\/armstrongyregion.com.ar\/diario\/wp-json\/wp\/v2\/tags?post=36866"}],"curies":[{"name":"wp","href":"https:\/\/api.w.org\/{rel}","templated":true}]}}