{"id":36862,"date":"2022-12-14T12:21:22","date_gmt":"2022-12-14T12:21:22","guid":{"rendered":"https:\/\/armstrongyregion.com.ar\/diario\/?p=36862"},"modified":"2022-12-14T12:21:26","modified_gmt":"2022-12-14T12:21:26","slug":"cascabel-por-ruben-eduardo-kelo-moreno","status":"publish","type":"post","link":"https:\/\/armstrongyregion.com.ar\/diario\/cascabel-por-ruben-eduardo-kelo-moreno\/","title":{"rendered":"Cascabel. Por Ruben Eduardo (Kelo) Moreno."},"content":{"rendered":"\n<figure class=\"wp-block-image size-full\"><a href=\"http:\/\/armstrongyregion.com.ar\/diario\/wp-content\/uploads\/2022\/12\/armahumeando.jpg\"><img loading=\"lazy\" decoding=\"async\" width=\"480\" height=\"504\" src=\"http:\/\/armstrongyregion.com.ar\/diario\/wp-content\/uploads\/2022\/12\/armahumeando.jpg\" alt=\"\" class=\"wp-image-36863\" srcset=\"https:\/\/armstrongyregion.com.ar\/diario\/wp-content\/uploads\/2022\/12\/armahumeando.jpg 480w, https:\/\/armstrongyregion.com.ar\/diario\/wp-content\/uploads\/2022\/12\/armahumeando-286x300.jpg 286w\" sizes=\"auto, (max-width: 480px) 100vw, 480px\" \/><\/a><\/figure>\n\n\n\n<p>Hay dos l\u00edneas paralelas que nunca van encontrar un punto de uni\u00f3n: por una lado, la cr\u00f3nica del relato y el hay que, y por el otro la realidad que nos cruza como sociedad que es este problema del narcotr\u00e1fico y la violencia que venimos sufriendo; pasa el tiempo y se profundiza cada vez m\u00e1s.<\/p>\n\n\n\n<p>Los responsables de modificar esta realidad son los representantes de los tres Poderes, donde solo hacen catarsis con sus cr\u00f3nicas simplistas a un problema tan complejo, siguen hablando de la nada misma como justificando que est\u00e1n haciendo algo; personalmente no creo en su inocencia y menos que desconozcan donde est\u00e1 el problema, la otra l\u00ednea es la realidad donde Rosario rompi\u00f3 su r\u00e9cord de asesinatos.<\/p>\n\n\n\n<p>La cuenta oficial ya alcanz\u00f3 las 266 muertes violentas en lo que va del a\u00f1o, solo escuchamos relatos, de m\u00f3viles, c\u00e1maras, fuerzas armadas sitiando barrios, pero las noticias policiales en los medios en su mayor\u00eda se refiere a la complicidad de las fuerzas policiales, creemos que sin complicidad pol\u00edtica de algunos actores de la justicia, no existir\u00eda el delito.<\/p>\n\n\n\n<p>En nuestra provincia de Santa Fe hay fiscales presos, jefes policiales e integrantes de las fuerzas, pero estos puntos no se analizan-<\/p>\n\n\n\n<p>El pasado mes de septiembre participamos del Cuarto Congreso realizado en la Facultad de Derecho de la UNR jornada organizada por el Grupo de Estudios Penales y Criminol\u00f3gicos (Gepic) del Centro de Estudios Jur\u00eddicos y Sociales Flor de Irup\u00e9, de la que participaron: el Ministro de la Corte Suprema de Justicia de Santa Fe, Daniel Erbetta, la Directora de la Regional Rosario del MPA, Mar\u00eda Eugenia Irribarren, la Diputada Provincial Matilde Bruera, el crimin\u00f3logo Enrique Font, el periodista Emilio Ruchansky, y representantes de las asociaciones cann\u00e1bicas AREC y AUPC.<\/p>\n\n\n\n<p><a><\/a> En la nota del periodista Claudio Socolsky de Rosario 12, destaca a la antrop\u00f3loga Edith C\u00e1mpora, Directora del Centro de Abordajes Interdisciplinarios de lo Sociocultural UNR, \u00abLos mundos acad\u00e9micos judiciales y sociales deben estar en di\u00e1logo para posibilitar, como m\u00ednimo, un diagn\u00f3stico certero de la situaci\u00f3n de la ciudad que permita resolverlo. Si nosotros tapamos el conflicto lo que hacemos es provocarlo, profundizarlo, y esperar sentados las consecuencias de ese conflicto\u00bb, plante\u00f3 la investigadora.<\/p>\n\n\n\n<p>\u00abLa trama de la desigualdad por la trama de los negocios ilegales genera much\u00edsimas experiencias vitales y sociales que estamos desconociendo porque observamos el fen\u00f3meno del narcotr\u00e1fico a partir de los medios de comunicaci\u00f3n\u00bb, agreg\u00f3, para luego remarcar: \u00abHay que poder pensar realmente cu\u00e1l es la trama que nos est\u00e1n proponiendo y c\u00f3mo podemos desarmarla, yo creo que con mayor igualdad, mayor di\u00e1logo interdisciplinario y mayor compromiso ciudadano frente a las cifras que vemos cotidianamente\u201d.<\/p>\n\n\n\n<p>Coincidimos plenamente con la antrop\u00f3loga Edith C\u00e1mpora, no hay un proyecto pol\u00edtico amplio para llevar adelante pol\u00edticas de Estado, deber\u00eda haber una convocatoria con los sectores representativos de la pol\u00edtica, ampliada a la mayor\u00eda de la ciudadan\u00eda, Vecinales, Facultades, Colegios, Centros de Estudiantes, Soci\u00f3logos entre otros.<\/p>\n\n\n\n<p>Por Ruben Eduardo (Kelo) Moreno.<\/p>\n","protected":false},"excerpt":{"rendered":"<p>Hay dos l\u00edneas paralelas que nunca van encontrar un punto de uni\u00f3n: por una lado, la cr\u00f3nica del relato y el hay que, y por el otro la realidad que nos cruza como sociedad que es este problema del narcotr\u00e1fico y la violencia que venimos sufriendo; pasa el tiempo y se profundiza cada vez m\u00e1s. <a href=\"https:\/\/armstrongyregion.com.ar\/diario\/cascabel-por-ruben-eduardo-kelo-moreno\/\" title=\"Read more\" >&#8230;<\/a><\/p>\n","protected":false},"author":1,"featured_media":36863,"comment_status":"open","ping_status":"open","sticky":false,"template":"","format":"image","meta":{"_jetpack_memberships_contains_paid_content":false,"footnotes":"","jetpack_publicize_message":"","jetpack_publicize_feature_enabled":true,"jetpack_social_post_already_shared":true,"jetpack_social_options":{"image_generator_settings":{"template":"highway","default_image_id":0,"enabled":false},"version":2}},"categories":[6,8,1,2,3],"tags":[8747,8699,8700],"class_list":["post-36862","post","type-post","status-publish","format-image","has-post-thumbnail","hentry","category-cultura-entretenimiento","category-deliberando","category-diario-armstrong","category-locales","category-region","tag-cascabel","tag-kelo","tag-moreno-2","post_format-post-format-image"],"jetpack_publicize_connections":[],"jetpack_featured_media_url":"https:\/\/armstrongyregion.com.ar\/diario\/wp-content\/uploads\/2022\/12\/armahumeando.jpg","jetpack_shortlink":"https:\/\/wp.me\/p62QDO-9Ay","jetpack_sharing_enabled":true,"amp_enabled":true,"_links":{"self":[{"href":"https:\/\/armstrongyregion.com.ar\/diario\/wp-json\/wp\/v2\/posts\/36862","targetHints":{"allow":["GET"]}}],"collection":[{"href":"https:\/\/armstrongyregion.com.ar\/diario\/wp-json\/wp\/v2\/posts"}],"about":[{"href":"https:\/\/armstrongyregion.com.ar\/diario\/wp-json\/wp\/v2\/types\/post"}],"author":[{"embeddable":true,"href":"https:\/\/armstrongyregion.com.ar\/diario\/wp-json\/wp\/v2\/users\/1"}],"replies":[{"embeddable":true,"href":"https:\/\/armstrongyregion.com.ar\/diario\/wp-json\/wp\/v2\/comments?post=36862"}],"version-history":[{"count":2,"href":"https:\/\/armstrongyregion.com.ar\/diario\/wp-json\/wp\/v2\/posts\/36862\/revisions"}],"predecessor-version":[{"id":36865,"href":"https:\/\/armstrongyregion.com.ar\/diario\/wp-json\/wp\/v2\/posts\/36862\/revisions\/36865"}],"wp:featuredmedia":[{"embeddable":true,"href":"https:\/\/armstrongyregion.com.ar\/diario\/wp-json\/wp\/v2\/media\/36863"}],"wp:attachment":[{"href":"https:\/\/armstrongyregion.com.ar\/diario\/wp-json\/wp\/v2\/media?parent=36862"}],"wp:term":[{"taxonomy":"category","embeddable":true,"href":"https:\/\/armstrongyregion.com.ar\/diario\/wp-json\/wp\/v2\/categories?post=36862"},{"taxonomy":"post_tag","embeddable":true,"href":"https:\/\/armstrongyregion.com.ar\/diario\/wp-json\/wp\/v2\/tags?post=36862"}],"curies":[{"name":"wp","href":"https:\/\/api.w.org\/{rel}","templated":true}]}}