{"id":3684,"date":"2015-08-21T14:53:25","date_gmt":"2015-08-21T14:53:25","guid":{"rendered":"https:\/\/armstrongyregion.com.ar\/diario\/?p=3684"},"modified":"2015-08-21T14:53:25","modified_gmt":"2015-08-21T14:53:25","slug":"exitoso-viaje-del-coro-voces-al-viento","status":"publish","type":"post","link":"https:\/\/armstrongyregion.com.ar\/diario\/exitoso-viaje-del-coro-voces-al-viento\/","title":{"rendered":"Exitoso viaje del Coro Voces al Viento"},"content":{"rendered":"<p><a href=\"http:\/\/armstrongyregion.com.ar\/diario\/wp-content\/uploads\/2015\/08\/coroviaje.jpg\"><img loading=\"lazy\" decoding=\"async\" class=\"alignnone size-medium wp-image-3685\" src=\"http:\/\/armstrongyregion.com.ar\/diario\/wp-content\/uploads\/2015\/08\/coroviaje-300x200.jpg\" alt=\"coroviaje-armstrong-y-region-\" width=\"300\" height=\"200\" srcset=\"https:\/\/armstrongyregion.com.ar\/diario\/wp-content\/uploads\/2015\/08\/coroviaje-300x200.jpg 300w, https:\/\/armstrongyregion.com.ar\/diario\/wp-content\/uploads\/2015\/08\/coroviaje.jpg 960w\" sizes=\"auto, (max-width: 300px) 100vw, 300px\" \/><\/a>En el marco del Encuentro Internacional de Coros que se realiz\u00f3 los d\u00edas 15 y 16 de agosto en la provincia de C\u00f3rdoba, el Coro Municipal \u201cVoces al Viento\u201d tuvo destacadas actuaciones.<\/p>\n<p>La primera actuaci\u00f3n se realiz\u00f3 el d\u00eda s\u00e1bado en la sala de convenciones de la Municipalidad de Carlos Paz, con capacidad para m\u00e1s de mil personas, y con todas las ubicaciones agotadas, mientras que el d\u00eda domingo, la segunda presentaci\u00f3n fue en la Bas\u00edlica de Santo Domingo, en la ciudad de C\u00f3rdoba.<\/p>\n<p>C\u00e1lidos p\u00fablicos conformados por vecinos y turistas disfrutaron de las interpretaciones de las 18 agrupaciones corales de Argentina y Uruguay, cada uno con su estilo particular.<\/p>\n<p>\u201cEstos encuentros sirven para relacionarnos y trabar amistad con personas que realizan esta actividad, como nosotros. De hecho, ya fuimos invitados a otros encuentros. Estos intercambios son fundamentales para conocer y que nos conozcan\u201d, manifest\u00f3 Rosa Demar\u00eda, Directora del coro local.<\/p>\n","protected":false},"excerpt":{"rendered":"<p>En el marco del Encuentro Internacional de Coros que se realiz\u00f3 los d\u00edas 15 y 16 de agosto en la provincia de C\u00f3rdoba, el Coro Municipal \u201cVoces al Viento\u201d tuvo destacadas actuaciones. La primera actuaci\u00f3n se realiz\u00f3 el d\u00eda s\u00e1bado en la sala de convenciones de la Municipalidad de Carlos Paz, con capacidad para m\u00e1s <a href=\"https:\/\/armstrongyregion.com.ar\/diario\/exitoso-viaje-del-coro-voces-al-viento\/\" title=\"Read more\" >&#8230;<\/a><\/p>\n","protected":false},"author":2,"featured_media":3685,"comment_status":"open","ping_status":"open","sticky":false,"template":"","format":"standard","meta":{"_jetpack_memberships_contains_paid_content":false,"footnotes":"","jetpack_publicize_message":"","jetpack_publicize_feature_enabled":true,"jetpack_social_post_already_shared":false,"jetpack_social_options":{"image_generator_settings":{"template":"highway","default_image_id":0,"enabled":false},"version":2}},"categories":[6,1,2],"tags":[179,920,53,1694,483,921,769],"class_list":["post-3684","post","type-post","status-publish","format-standard","has-post-thumbnail","hentry","category-cultura-entretenimiento","category-diario-armstrong","category-locales","tag-al","tag-coro","tag-del","tag-exitoso","tag-viaje","tag-viento","tag-voces"],"jetpack_publicize_connections":[],"jetpack_featured_media_url":"https:\/\/armstrongyregion.com.ar\/diario\/wp-content\/uploads\/2015\/08\/coroviaje.jpg","jetpack_shortlink":"https:\/\/wp.me\/p62QDO-Xq","jetpack_sharing_enabled":true,"amp_enabled":true,"_links":{"self":[{"href":"https:\/\/armstrongyregion.com.ar\/diario\/wp-json\/wp\/v2\/posts\/3684","targetHints":{"allow":["GET"]}}],"collection":[{"href":"https:\/\/armstrongyregion.com.ar\/diario\/wp-json\/wp\/v2\/posts"}],"about":[{"href":"https:\/\/armstrongyregion.com.ar\/diario\/wp-json\/wp\/v2\/types\/post"}],"author":[{"embeddable":true,"href":"https:\/\/armstrongyregion.com.ar\/diario\/wp-json\/wp\/v2\/users\/2"}],"replies":[{"embeddable":true,"href":"https:\/\/armstrongyregion.com.ar\/diario\/wp-json\/wp\/v2\/comments?post=3684"}],"version-history":[{"count":0,"href":"https:\/\/armstrongyregion.com.ar\/diario\/wp-json\/wp\/v2\/posts\/3684\/revisions"}],"wp:featuredmedia":[{"embeddable":true,"href":"https:\/\/armstrongyregion.com.ar\/diario\/wp-json\/wp\/v2\/media\/3685"}],"wp:attachment":[{"href":"https:\/\/armstrongyregion.com.ar\/diario\/wp-json\/wp\/v2\/media?parent=3684"}],"wp:term":[{"taxonomy":"category","embeddable":true,"href":"https:\/\/armstrongyregion.com.ar\/diario\/wp-json\/wp\/v2\/categories?post=3684"},{"taxonomy":"post_tag","embeddable":true,"href":"https:\/\/armstrongyregion.com.ar\/diario\/wp-json\/wp\/v2\/tags?post=3684"}],"curies":[{"name":"wp","href":"https:\/\/api.w.org\/{rel}","templated":true}]}}