{"id":36837,"date":"2022-12-09T02:23:50","date_gmt":"2022-12-09T02:23:50","guid":{"rendered":"https:\/\/armstrongyregion.com.ar\/diario\/?p=36837"},"modified":"2022-12-09T02:23:54","modified_gmt":"2022-12-09T02:23:54","slug":"armstrong-feria-navidena-de-colores-y-sabores","status":"publish","type":"post","link":"https:\/\/armstrongyregion.com.ar\/diario\/armstrong-feria-navidena-de-colores-y-sabores\/","title":{"rendered":"Armstrong. Feria Navide\u00f1a de Colores y Sabores."},"content":{"rendered":"\n<figure class=\"wp-block-image size-full\"><a href=\"http:\/\/armstrongyregion.com.ar\/diario\/wp-content\/uploads\/2022\/12\/feria-11-dic-2022-1.jpg\"><img loading=\"lazy\" decoding=\"async\" width=\"320\" height=\"320\" src=\"http:\/\/armstrongyregion.com.ar\/diario\/wp-content\/uploads\/2022\/12\/feria-11-dic-2022-1.jpg\" alt=\"\" class=\"wp-image-36838\" srcset=\"https:\/\/armstrongyregion.com.ar\/diario\/wp-content\/uploads\/2022\/12\/feria-11-dic-2022-1.jpg 320w, https:\/\/armstrongyregion.com.ar\/diario\/wp-content\/uploads\/2022\/12\/feria-11-dic-2022-1-300x300.jpg 300w, https:\/\/armstrongyregion.com.ar\/diario\/wp-content\/uploads\/2022\/12\/feria-11-dic-2022-1-150x150.jpg 150w\" sizes=\"auto, (max-width: 320px) 100vw, 320px\" \/><\/a><\/figure>\n\n\n\n<p>La Municipalidad de Armstrong invita a participar de la feria navide\u00f1a de Sabores y Colores Locales que se realizar\u00e1 el domingo 11 de diciembre desde las 18 hs. en Plaza San Mart\u00edn.<\/p>\n\n\n\n<p>M\u00e1s de 40 emprendedores de nuestra ciudad y la regi\u00f3n ofrecer\u00e1n sus productos elaborados artesanalmente para que el p\u00fablico elija los obsequios para sus seres queridos en la pr\u00f3xima navidad.<\/p>\n\n\n\n<p>Participa la Agrupaci\u00f3n Autos y Motos Antiguos de Armstrong mostrando sus veh\u00edculos que con tanta pasi\u00f3n mantienen y restauran.<\/p>\n\n\n\n<p>N\u00fameros art\u00edsticos en vivo con la presentaci\u00f3n de Claudia Salda\u00f1o, Cielo, cumbia cruzada con Cumbia, Pasi\u00f3n y Confianza, y el cierre bailable con el grupo local Vale la Pena.<\/p>\n\n\n\n<p>Servicio de buffet a cargo de los ballets infantil y juvenil del C. T. El Tropero.<\/p>\n","protected":false},"excerpt":{"rendered":"<p>La Municipalidad de Armstrong invita a participar de la feria navide\u00f1a de Sabores y Colores Locales que se realizar\u00e1 el domingo 11 de diciembre desde las 18 hs. en Plaza San Mart\u00edn. M\u00e1s de 40 emprendedores de nuestra ciudad y la regi\u00f3n ofrecer\u00e1n sus productos elaborados artesanalmente para que el p\u00fablico elija los obsequios para <a href=\"https:\/\/armstrongyregion.com.ar\/diario\/armstrong-feria-navidena-de-colores-y-sabores\/\" title=\"Read more\" >&#8230;<\/a><\/p>\n","protected":false},"author":1,"featured_media":36838,"comment_status":"open","ping_status":"open","sticky":false,"template":"","format":"image","meta":{"_jetpack_memberships_contains_paid_content":false,"footnotes":"","jetpack_publicize_message":"","jetpack_publicize_feature_enabled":true,"jetpack_social_post_already_shared":true,"jetpack_social_options":{"image_generator_settings":{"template":"highway","default_image_id":0,"enabled":false},"version":2}},"categories":[6,8,1,2,7],"tags":[20,1725,8740,1335,13],"class_list":["post-36837","post","type-post","status-publish","format-image","has-post-thumbnail","hentry","category-cultura-entretenimiento","category-deliberando","category-diario-armstrong","category-locales","category-politica","tag-armstrong","tag-feria","tag-navidena","tag-sabores","tag-y","post_format-post-format-image"],"jetpack_publicize_connections":[],"jetpack_featured_media_url":"https:\/\/armstrongyregion.com.ar\/diario\/wp-content\/uploads\/2022\/12\/feria-11-dic-2022-1.jpg","jetpack_shortlink":"https:\/\/wp.me\/p62QDO-9A9","jetpack_sharing_enabled":true,"amp_enabled":true,"_links":{"self":[{"href":"https:\/\/armstrongyregion.com.ar\/diario\/wp-json\/wp\/v2\/posts\/36837","targetHints":{"allow":["GET"]}}],"collection":[{"href":"https:\/\/armstrongyregion.com.ar\/diario\/wp-json\/wp\/v2\/posts"}],"about":[{"href":"https:\/\/armstrongyregion.com.ar\/diario\/wp-json\/wp\/v2\/types\/post"}],"author":[{"embeddable":true,"href":"https:\/\/armstrongyregion.com.ar\/diario\/wp-json\/wp\/v2\/users\/1"}],"replies":[{"embeddable":true,"href":"https:\/\/armstrongyregion.com.ar\/diario\/wp-json\/wp\/v2\/comments?post=36837"}],"version-history":[{"count":1,"href":"https:\/\/armstrongyregion.com.ar\/diario\/wp-json\/wp\/v2\/posts\/36837\/revisions"}],"predecessor-version":[{"id":36839,"href":"https:\/\/armstrongyregion.com.ar\/diario\/wp-json\/wp\/v2\/posts\/36837\/revisions\/36839"}],"wp:featuredmedia":[{"embeddable":true,"href":"https:\/\/armstrongyregion.com.ar\/diario\/wp-json\/wp\/v2\/media\/36838"}],"wp:attachment":[{"href":"https:\/\/armstrongyregion.com.ar\/diario\/wp-json\/wp\/v2\/media?parent=36837"}],"wp:term":[{"taxonomy":"category","embeddable":true,"href":"https:\/\/armstrongyregion.com.ar\/diario\/wp-json\/wp\/v2\/categories?post=36837"},{"taxonomy":"post_tag","embeddable":true,"href":"https:\/\/armstrongyregion.com.ar\/diario\/wp-json\/wp\/v2\/tags?post=36837"}],"curies":[{"name":"wp","href":"https:\/\/api.w.org\/{rel}","templated":true}]}}