{"id":36834,"date":"2022-12-08T23:22:51","date_gmt":"2022-12-08T23:22:51","guid":{"rendered":"https:\/\/armstrongyregion.com.ar\/diario\/?p=36834"},"modified":"2022-12-08T23:22:55","modified_gmt":"2022-12-08T23:22:55","slug":"amil-el-concejo-municipal-de-armstrong-no-me-representa-en-absoluto","status":"publish","type":"post","link":"https:\/\/armstrongyregion.com.ar\/diario\/amil-el-concejo-municipal-de-armstrong-no-me-representa-en-absoluto\/","title":{"rendered":"Amil. \u00abEl Concejo Municipal de Armstrong no me representa en absoluto\u00bb."},"content":{"rendered":"\n<figure class=\"wp-block-image size-full\"><a href=\"http:\/\/armstrongyregion.com.ar\/diario\/wp-content\/uploads\/2022\/12\/Facu-Amil-.jpg\"><img loading=\"lazy\" decoding=\"async\" width=\"480\" height=\"640\" src=\"http:\/\/armstrongyregion.com.ar\/diario\/wp-content\/uploads\/2022\/12\/Facu-Amil-.jpg\" alt=\"\" class=\"wp-image-36835\" srcset=\"https:\/\/armstrongyregion.com.ar\/diario\/wp-content\/uploads\/2022\/12\/Facu-Amil-.jpg 480w, https:\/\/armstrongyregion.com.ar\/diario\/wp-content\/uploads\/2022\/12\/Facu-Amil--225x300.jpg 225w\" sizes=\"auto, (max-width: 480px) 100vw, 480px\" \/><\/a><\/figure>\n\n\n\n<p>En la \u00faltima sesi\u00f3n del concejo estuvo presente el referente pol\u00edtico Facundo Amil, quien al consultarlo sobre su opini\u00f3n acerca del funcionamiento del Concejo Municipal de Armstrong coment\u00f3: \u00abNo veo que la gente se sienta representada con los concejales, se nota la distancia que tienen con la realidad y la falta de compromiso. En 10 minutos por semana, que es lo que duran las sesiones, no se resuelven los problemas que tiene Armstrong\u00bb.<\/p>\n\n\n\n<p> Tambi\u00e9n a\u00f1adi\u00f3, \u00abun concejo que prioriza el consenso no quiere decir que est\u00e9 funcionado bien\u00bb.<\/p>\n","protected":false},"excerpt":{"rendered":"<p>En la \u00faltima sesi\u00f3n del concejo estuvo presente el referente pol\u00edtico Facundo Amil, quien al consultarlo sobre su opini\u00f3n acerca del funcionamiento del Concejo Municipal de Armstrong coment\u00f3: \u00abNo veo que la gente se sienta representada con los concejales, se nota la distancia que tienen con la realidad y la falta de compromiso. En 10 <a href=\"https:\/\/armstrongyregion.com.ar\/diario\/amil-el-concejo-municipal-de-armstrong-no-me-representa-en-absoluto\/\" title=\"Read more\" >&#8230;<\/a><\/p>\n","protected":false},"author":1,"featured_media":36835,"comment_status":"open","ping_status":"open","sticky":false,"template":"","format":"image","meta":{"_jetpack_memberships_contains_paid_content":false,"footnotes":"","jetpack_publicize_message":"","jetpack_publicize_feature_enabled":true,"jetpack_social_post_already_shared":true,"jetpack_social_options":{"image_generator_settings":{"template":"highway","default_image_id":0,"enabled":false},"version":2}},"categories":[8,1,2,7],"tags":[8601,868,1115,16,1167,924,1921,81],"class_list":["post-36834","post","type-post","status-publish","format-image","has-post-thumbnail","hentry","category-deliberando","category-diario-armstrong","category-locales","category-politica","tag-amil","tag-concejo","tag-deliberante","tag-el","tag-facundo","tag-me","tag-nada","tag-para","post_format-post-format-image"],"jetpack_publicize_connections":[],"jetpack_featured_media_url":"https:\/\/armstrongyregion.com.ar\/diario\/wp-content\/uploads\/2022\/12\/Facu-Amil-.jpg","jetpack_shortlink":"https:\/\/wp.me\/p62QDO-9A6","jetpack_sharing_enabled":true,"amp_enabled":true,"_links":{"self":[{"href":"https:\/\/armstrongyregion.com.ar\/diario\/wp-json\/wp\/v2\/posts\/36834","targetHints":{"allow":["GET"]}}],"collection":[{"href":"https:\/\/armstrongyregion.com.ar\/diario\/wp-json\/wp\/v2\/posts"}],"about":[{"href":"https:\/\/armstrongyregion.com.ar\/diario\/wp-json\/wp\/v2\/types\/post"}],"author":[{"embeddable":true,"href":"https:\/\/armstrongyregion.com.ar\/diario\/wp-json\/wp\/v2\/users\/1"}],"replies":[{"embeddable":true,"href":"https:\/\/armstrongyregion.com.ar\/diario\/wp-json\/wp\/v2\/comments?post=36834"}],"version-history":[{"count":1,"href":"https:\/\/armstrongyregion.com.ar\/diario\/wp-json\/wp\/v2\/posts\/36834\/revisions"}],"predecessor-version":[{"id":36836,"href":"https:\/\/armstrongyregion.com.ar\/diario\/wp-json\/wp\/v2\/posts\/36834\/revisions\/36836"}],"wp:featuredmedia":[{"embeddable":true,"href":"https:\/\/armstrongyregion.com.ar\/diario\/wp-json\/wp\/v2\/media\/36835"}],"wp:attachment":[{"href":"https:\/\/armstrongyregion.com.ar\/diario\/wp-json\/wp\/v2\/media?parent=36834"}],"wp:term":[{"taxonomy":"category","embeddable":true,"href":"https:\/\/armstrongyregion.com.ar\/diario\/wp-json\/wp\/v2\/categories?post=36834"},{"taxonomy":"post_tag","embeddable":true,"href":"https:\/\/armstrongyregion.com.ar\/diario\/wp-json\/wp\/v2\/tags?post=36834"}],"curies":[{"name":"wp","href":"https:\/\/api.w.org\/{rel}","templated":true}]}}