{"id":36821,"date":"2022-12-07T11:47:03","date_gmt":"2022-12-07T11:47:03","guid":{"rendered":"https:\/\/armstrongyregion.com.ar\/diario\/?p=36821"},"modified":"2022-12-07T11:56:26","modified_gmt":"2022-12-07T11:56:26","slug":"guillermo-luzzi-fue-elegido-presidente-del-concejo-deliberante","status":"publish","type":"post","link":"https:\/\/armstrongyregion.com.ar\/diario\/guillermo-luzzi-fue-elegido-presidente-del-concejo-deliberante\/","title":{"rendered":"Guillermo Luzzi fue elegido presidente del Concejo Deliberante."},"content":{"rendered":"\n<figure class=\"wp-block-image size-full\"><a href=\"http:\/\/armstrongyregion.com.ar\/diario\/wp-content\/uploads\/2022\/04\/Luzzi-14-04-guille.jpg\"><img loading=\"lazy\" decoding=\"async\" width=\"447\" height=\"378\" src=\"http:\/\/armstrongyregion.com.ar\/diario\/wp-content\/uploads\/2022\/04\/Luzzi-14-04-guille.jpg\" alt=\"\" class=\"wp-image-33970\" srcset=\"https:\/\/armstrongyregion.com.ar\/diario\/wp-content\/uploads\/2022\/04\/Luzzi-14-04-guille.jpg 447w, https:\/\/armstrongyregion.com.ar\/diario\/wp-content\/uploads\/2022\/04\/Luzzi-14-04-guille-300x254.jpg 300w\" sizes=\"auto, (max-width: 447px) 100vw, 447px\" \/><\/a><\/figure>\n\n\n\n<p>Este martes, pasadas las 20hs durante la Sesi\u00f3n Preparatoria se realiz\u00f3 la designaci\u00f3n de autoridades del Concejo Deliberante para el Periodo Ordinario 2023.<br><strong>El Concejal Guillermo Luzzi del Bloque del Frente Progresista C\u00edvico y Social, fue elegido en la Presidencia del Cuerpo por unanimidad de votos; al igual que la Concejal Luz Marina Fischer quien ocupar\u00e1 el cargo de la Vicepresidencia y Jes\u00fas Urqu\u00eda la Vicepresidencia segunda.<\/strong><\/p>\n\n\n\n<p>Convocada por resoluci\u00f3n interna, la Sesi\u00f3n Preparatoria tuvo por objeto elegir la Presidencia y Vicepresidencia del Cuerpo como as\u00ed tambi\u00e9n la conformaci\u00f3n de las Comisiones. Vale la pena remarcar que las mismas no tuvieron modificaciones, solo en el caso del bloque oficialista donde el Prof. Alejandro Pertusati tom\u00f3 la Comisi\u00f3n de Hacienda, Presupuesto y Cuentas y la Comisi\u00f3n de Obras P\u00fablicas, Seguridad y Planeamiento antes integradas por su compa\u00f1ero de bloque Guillermo Luzzi.<\/p>\n\n\n\n<p>Se acord\u00f3 adem\u00e1s que las Sesiones Ordinarias, de car\u00e1cter p\u00fablico, se llevar\u00e1n a cabo los martes a las 20hs y las sesiones de comision los d\u00edas lunes.<\/p>\n\n\n\n<p>Por su parte, Luzzi, en dialogo con los medios locales expresaba: <strong>\u201cPrimero quiero felicitar a Alejandro Pertusati por su presidencia, fue un a\u00f1o de mucha disidencia pero hubo respeto, entonces se pudo trabajar muy bien, el a\u00f1o pasado me hab\u00edan ofrecido este cargo, pero necesitaba un a\u00f1o de adaptaci\u00f3n ya que venia del trabajo ejecutivo; y sinceramente me llena de orgullo que los bloques de oposici\u00f3n felicitaran a Alejandro por su labor en el recinto y tampoco tuvieron dudas cuando me mocion\u00f3 como presidente\u201d.<\/strong><\/p>\n\n\n\n<p><strong>\u00abEste lugar que ocupar\u00e9 representa un compromiso con la sociedad. En este Concejo Deliberante trabajamos fuertemente con la participaci\u00f3n ciudadana en la toma de decisiones, por lo tanto tenemos que mantener permanentemente una escucha activa a las necesidades que presenta la comunidad para poder legislar y dar soluciones a las problem\u00e1ticas de los vecinos y vecinas. Nuestro trabajo va a seguir enfocado en adecuar y actualizar la normativa y sobre todo dictar aquellas ordenanzas necesarias para el beneficio de la ciudadan\u00eda\u00bb. <\/strong>Finaliz\u00f3 el nuevo Presidente.<\/p>\n","protected":false},"excerpt":{"rendered":"<p>Este martes, pasadas las 20hs durante la Sesi\u00f3n Preparatoria se realiz\u00f3 la designaci\u00f3n de autoridades del Concejo Deliberante para el Periodo Ordinario 2023.El Concejal Guillermo Luzzi del Bloque del Frente Progresista C\u00edvico y Social, fue elegido en la Presidencia del Cuerpo por unanimidad de votos; al igual que la Concejal Luz Marina Fischer quien ocupar\u00e1 <a href=\"https:\/\/armstrongyregion.com.ar\/diario\/guillermo-luzzi-fue-elegido-presidente-del-concejo-deliberante\/\" title=\"Read more\" >&#8230;<\/a><\/p>\n","protected":false},"author":1,"featured_media":33970,"comment_status":"open","ping_status":"open","sticky":false,"template":"","format":"image","meta":{"_jetpack_memberships_contains_paid_content":false,"footnotes":"","jetpack_publicize_message":"","jetpack_publicize_feature_enabled":true,"jetpack_social_post_already_shared":true,"jetpack_social_options":{"image_generator_settings":{"template":"highway","default_image_id":0,"enabled":false},"version":2}},"categories":[8,1,2,7,3],"tags":[868,53,1115,3882,1665,1323,8735,1750],"class_list":["post-36821","post","type-post","status-publish","format-image","has-post-thumbnail","hentry","category-deliberando","category-diario-armstrong","category-locales","category-politica","category-region","tag-concejo","tag-del","tag-deliberante","tag-elegido","tag-fue","tag-guillermo","tag-luzzi","tag-presidente","post_format-post-format-image"],"jetpack_publicize_connections":[],"jetpack_featured_media_url":"https:\/\/armstrongyregion.com.ar\/diario\/wp-content\/uploads\/2022\/04\/Luzzi-14-04-guille.jpg","jetpack_shortlink":"https:\/\/wp.me\/p62QDO-9zT","jetpack_sharing_enabled":true,"amp_enabled":true,"_links":{"self":[{"href":"https:\/\/armstrongyregion.com.ar\/diario\/wp-json\/wp\/v2\/posts\/36821","targetHints":{"allow":["GET"]}}],"collection":[{"href":"https:\/\/armstrongyregion.com.ar\/diario\/wp-json\/wp\/v2\/posts"}],"about":[{"href":"https:\/\/armstrongyregion.com.ar\/diario\/wp-json\/wp\/v2\/types\/post"}],"author":[{"embeddable":true,"href":"https:\/\/armstrongyregion.com.ar\/diario\/wp-json\/wp\/v2\/users\/1"}],"replies":[{"embeddable":true,"href":"https:\/\/armstrongyregion.com.ar\/diario\/wp-json\/wp\/v2\/comments?post=36821"}],"version-history":[{"count":2,"href":"https:\/\/armstrongyregion.com.ar\/diario\/wp-json\/wp\/v2\/posts\/36821\/revisions"}],"predecessor-version":[{"id":36825,"href":"https:\/\/armstrongyregion.com.ar\/diario\/wp-json\/wp\/v2\/posts\/36821\/revisions\/36825"}],"wp:featuredmedia":[{"embeddable":true,"href":"https:\/\/armstrongyregion.com.ar\/diario\/wp-json\/wp\/v2\/media\/33970"}],"wp:attachment":[{"href":"https:\/\/armstrongyregion.com.ar\/diario\/wp-json\/wp\/v2\/media?parent=36821"}],"wp:term":[{"taxonomy":"category","embeddable":true,"href":"https:\/\/armstrongyregion.com.ar\/diario\/wp-json\/wp\/v2\/categories?post=36821"},{"taxonomy":"post_tag","embeddable":true,"href":"https:\/\/armstrongyregion.com.ar\/diario\/wp-json\/wp\/v2\/tags?post=36821"}],"curies":[{"name":"wp","href":"https:\/\/api.w.org\/{rel}","templated":true}]}}