{"id":36818,"date":"2022-12-07T11:11:16","date_gmt":"2022-12-07T11:11:16","guid":{"rendered":"https:\/\/armstrongyregion.com.ar\/diario\/?p=36818"},"modified":"2022-12-07T11:56:05","modified_gmt":"2022-12-07T11:56:05","slug":"alejandro-pertusati-tuvo-su-ultima-sesion-como-presidente-del-concejo-deliberante","status":"publish","type":"post","link":"https:\/\/armstrongyregion.com.ar\/diario\/alejandro-pertusati-tuvo-su-ultima-sesion-como-presidente-del-concejo-deliberante\/","title":{"rendered":"Alejandro Pertusati tuvo su \u00faltima sesi\u00f3n como presidente del Concejo Deliberante."},"content":{"rendered":"\n<figure class=\"wp-block-image size-full\"><a href=\"http:\/\/armstrongyregion.com.ar\/diario\/wp-content\/uploads\/2022\/10\/ale-pertu-octubre-22-.jpg\"><img loading=\"lazy\" decoding=\"async\" width=\"559\" height=\"405\" src=\"http:\/\/armstrongyregion.com.ar\/diario\/wp-content\/uploads\/2022\/10\/ale-pertu-octubre-22-.jpg\" alt=\"\" class=\"wp-image-36038\" srcset=\"https:\/\/armstrongyregion.com.ar\/diario\/wp-content\/uploads\/2022\/10\/ale-pertu-octubre-22-.jpg 559w, https:\/\/armstrongyregion.com.ar\/diario\/wp-content\/uploads\/2022\/10\/ale-pertu-octubre-22--300x217.jpg 300w\" sizes=\"auto, (max-width: 559px) 100vw, 559px\" \/><\/a><\/figure>\n\n\n\n<p>Al t\u00e9rmino de la sesi\u00f3n del pasado martes 6 de diciembre, el concejal Pertusati en di\u00e1logo con los medios locales dec\u00eda: \u201cComo lo dije en la sesi\u00f3n especial, ya le hab\u00eda planteado al Concejal Luzzi, que me parec\u00eda que por su desempe\u00f1o electoral el a\u00f1o anterior le correspond\u00eda esta presidencia, el me hab\u00eda dicho que quer\u00eda hacer un per\u00edodo de adaptaci\u00f3n y bueno, me pareci\u00f3 lo correcto mocionar para que \u00e9l sea el pr\u00f3ximo Presidente del concejo. <strong>Siento que el recinto vir\u00f3 y tuvo otra presencia en la ciudad este a\u00f1o, por ejemplo en actos p\u00fablicos y en momentos importantes de nuestra comunidad, eso era lo que ven\u00edamos a buscar\u201d.<\/strong><\/p>\n\n\n\n<p>El edil a\u00f1adi\u00f3:<strong> \u201cComo lo han dicho todos los concejales en este concejo se han podido expresar, hubo debates intensos pero siempre con un nivel de respeto alto y estoy contento por eso\u201d.<\/strong><\/p>\n\n\n\n<p>\u201c<strong>Yo mocione para la presidencia por el Concejal Guillermo Luzzi, como as\u00ed la vicepresidencia por la Concejal Luz Marina Fischer y la vicepresidencia segunda por Jes\u00fas Urqu\u00eda. Todos acataron el resultado de las elecciones del a\u00f1o pasado\u201d.<\/strong> Finaliz\u00f3 Alejandro Pertusati.<\/p>\n","protected":false},"excerpt":{"rendered":"<p>Al t\u00e9rmino de la sesi\u00f3n del pasado martes 6 de diciembre, el concejal Pertusati en di\u00e1logo con los medios locales dec\u00eda: \u201cComo lo dije en la sesi\u00f3n especial, ya le hab\u00eda planteado al Concejal Luzzi, que me parec\u00eda que por su desempe\u00f1o electoral el a\u00f1o anterior le correspond\u00eda esta presidencia, el me hab\u00eda dicho que <a href=\"https:\/\/armstrongyregion.com.ar\/diario\/alejandro-pertusati-tuvo-su-ultima-sesion-como-presidente-del-concejo-deliberante\/\" title=\"Read more\" >&#8230;<\/a><\/p>\n","protected":false},"author":1,"featured_media":36038,"comment_status":"open","ping_status":"open","sticky":false,"template":"","format":"image","meta":{"_jetpack_memberships_contains_paid_content":false,"footnotes":"","jetpack_publicize_message":"","jetpack_publicize_feature_enabled":true,"jetpack_social_post_already_shared":true,"jetpack_social_options":{"image_generator_settings":{"template":"highway","default_image_id":0,"enabled":false},"version":2}},"categories":[8,1,2,7],"tags":[2179,572,868,53,1115,6961,1750,2534,35,2408,667],"class_list":["post-36818","post","type-post","status-publish","format-image","has-post-thumbnail","hentry","category-deliberando","category-diario-armstrong","category-locales","category-politica","tag-alejandro","tag-como","tag-concejo","tag-del","tag-deliberante","tag-pertusati","tag-presidente","tag-sesion","tag-su","tag-tuvo","tag-ultima","post_format-post-format-image"],"jetpack_publicize_connections":[],"jetpack_featured_media_url":"https:\/\/armstrongyregion.com.ar\/diario\/wp-content\/uploads\/2022\/10\/ale-pertu-octubre-22-.jpg","jetpack_shortlink":"https:\/\/wp.me\/p62QDO-9zQ","jetpack_sharing_enabled":true,"amp_enabled":true,"_links":{"self":[{"href":"https:\/\/armstrongyregion.com.ar\/diario\/wp-json\/wp\/v2\/posts\/36818","targetHints":{"allow":["GET"]}}],"collection":[{"href":"https:\/\/armstrongyregion.com.ar\/diario\/wp-json\/wp\/v2\/posts"}],"about":[{"href":"https:\/\/armstrongyregion.com.ar\/diario\/wp-json\/wp\/v2\/types\/post"}],"author":[{"embeddable":true,"href":"https:\/\/armstrongyregion.com.ar\/diario\/wp-json\/wp\/v2\/users\/1"}],"replies":[{"embeddable":true,"href":"https:\/\/armstrongyregion.com.ar\/diario\/wp-json\/wp\/v2\/comments?post=36818"}],"version-history":[{"count":2,"href":"https:\/\/armstrongyregion.com.ar\/diario\/wp-json\/wp\/v2\/posts\/36818\/revisions"}],"predecessor-version":[{"id":36824,"href":"https:\/\/armstrongyregion.com.ar\/diario\/wp-json\/wp\/v2\/posts\/36818\/revisions\/36824"}],"wp:featuredmedia":[{"embeddable":true,"href":"https:\/\/armstrongyregion.com.ar\/diario\/wp-json\/wp\/v2\/media\/36038"}],"wp:attachment":[{"href":"https:\/\/armstrongyregion.com.ar\/diario\/wp-json\/wp\/v2\/media?parent=36818"}],"wp:term":[{"taxonomy":"category","embeddable":true,"href":"https:\/\/armstrongyregion.com.ar\/diario\/wp-json\/wp\/v2\/categories?post=36818"},{"taxonomy":"post_tag","embeddable":true,"href":"https:\/\/armstrongyregion.com.ar\/diario\/wp-json\/wp\/v2\/tags?post=36818"}],"curies":[{"name":"wp","href":"https:\/\/api.w.org\/{rel}","templated":true}]}}