{"id":36809,"date":"2022-12-07T10:38:51","date_gmt":"2022-12-07T10:38:51","guid":{"rendered":"https:\/\/armstrongyregion.com.ar\/diario\/?p=36809"},"modified":"2022-12-07T10:38:55","modified_gmt":"2022-12-07T10:38:55","slug":"canada-de-gomez-clerici-participo-del-acto-por-los-62-anos-de-bomberos-voluntarios","status":"publish","type":"post","link":"https:\/\/armstrongyregion.com.ar\/diario\/canada-de-gomez-clerici-participo-del-acto-por-los-62-anos-de-bomberos-voluntarios\/","title":{"rendered":"Ca\u00f1ada de G\u00f3mez. Cl\u00e9rici particip\u00f3 del acto por los 62 a\u00f1os de Bomberos Voluntarios."},"content":{"rendered":"\n<figure class=\"wp-block-image size-full\"><a href=\"http:\/\/armstrongyregion.com.ar\/diario\/wp-content\/uploads\/2022\/12\/Bomberos-Voluntarios-.jpg\"><img loading=\"lazy\" decoding=\"async\" width=\"400\" height=\"300\" src=\"http:\/\/armstrongyregion.com.ar\/diario\/wp-content\/uploads\/2022\/12\/Bomberos-Voluntarios-.jpg\" alt=\"\" class=\"wp-image-36810\" srcset=\"https:\/\/armstrongyregion.com.ar\/diario\/wp-content\/uploads\/2022\/12\/Bomberos-Voluntarios-.jpg 400w, https:\/\/armstrongyregion.com.ar\/diario\/wp-content\/uploads\/2022\/12\/Bomberos-Voluntarios--300x225.jpg 300w\" sizes=\"auto, (max-width: 400px) 100vw, 400px\" \/><\/a><\/figure>\n\n\n\n<p>En la tarde de ayer se desarroll\u00f3 el acto por el 62\u00ba aniversario de Bomberos Voluntarios de nuestra ciudad, donde la intendenta Stella Cl\u00e9rici destac\u00f3 el trabajo conjunto con la Comisi\u00f3n y Cuerpo Activo.<\/p>\n\n\n\n<p>\u201cEstamos muy contentos de compartir este momento especial para todos los que integran esta querida instituci\u00f3n que se brinda&nbsp;a la ciudad y a la que acompa\u00f1amos d\u00eda a d\u00eda\u201d, expres\u00f3 y posteriormente subray\u00f3 el constante acompa\u00f1amiento del Municipio, \u201ccon aportes de m\u00e1s de 106 millones de pesos que se traducen en equipamiento, obras en marcha y en proyecci\u00f3n\u201d.<\/p>\n\n\n\n<p>Finalmente, se llev\u00f3 adelante la ceremonia en la que juraron nuevos bomberos y se entreg\u00f3 el ascenso a suboficiales y a dos oficiales.&nbsp;&#8212;<\/p>\n","protected":false},"excerpt":{"rendered":"<p>En la tarde de ayer se desarroll\u00f3 el acto por el 62\u00ba aniversario de Bomberos Voluntarios de nuestra ciudad, donde la intendenta Stella Cl\u00e9rici destac\u00f3 el trabajo conjunto con la Comisi\u00f3n y Cuerpo Activo. \u201cEstamos muy contentos de compartir este momento especial para todos los que integran esta querida instituci\u00f3n que se brinda&nbsp;a la ciudad <a href=\"https:\/\/armstrongyregion.com.ar\/diario\/canada-de-gomez-clerici-participo-del-acto-por-los-62-anos-de-bomberos-voluntarios\/\" title=\"Read more\" >&#8230;<\/a><\/p>\n","protected":false},"author":1,"featured_media":36810,"comment_status":"open","ping_status":"open","sticky":false,"template":"","format":"image","meta":{"_jetpack_memberships_contains_paid_content":false,"footnotes":"","jetpack_publicize_message":"","jetpack_publicize_feature_enabled":true,"jetpack_social_post_already_shared":true,"jetpack_social_options":{"image_generator_settings":{"template":"highway","default_image_id":0,"enabled":false},"version":2}},"categories":[8,1,2,7,3],"tags":[8731,1212,197,352,83,19,16,42,992,60,353],"class_list":["post-36809","post","type-post","status-publish","format-image","has-post-thumbnail","hentry","category-deliberando","category-diario-armstrong","category-locales","category-politica","category-region","tag-8731","tag-acto","tag-anos","tag-bomberos","tag-clerici","tag-de","tag-el","tag-los","tag-participo","tag-por","tag-voluntarios","post_format-post-format-image"],"jetpack_publicize_connections":[],"jetpack_featured_media_url":"https:\/\/armstrongyregion.com.ar\/diario\/wp-content\/uploads\/2022\/12\/Bomberos-Voluntarios-.jpg","jetpack_shortlink":"https:\/\/wp.me\/p62QDO-9zH","jetpack_sharing_enabled":true,"amp_enabled":true,"_links":{"self":[{"href":"https:\/\/armstrongyregion.com.ar\/diario\/wp-json\/wp\/v2\/posts\/36809","targetHints":{"allow":["GET"]}}],"collection":[{"href":"https:\/\/armstrongyregion.com.ar\/diario\/wp-json\/wp\/v2\/posts"}],"about":[{"href":"https:\/\/armstrongyregion.com.ar\/diario\/wp-json\/wp\/v2\/types\/post"}],"author":[{"embeddable":true,"href":"https:\/\/armstrongyregion.com.ar\/diario\/wp-json\/wp\/v2\/users\/1"}],"replies":[{"embeddable":true,"href":"https:\/\/armstrongyregion.com.ar\/diario\/wp-json\/wp\/v2\/comments?post=36809"}],"version-history":[{"count":2,"href":"https:\/\/armstrongyregion.com.ar\/diario\/wp-json\/wp\/v2\/posts\/36809\/revisions"}],"predecessor-version":[{"id":36812,"href":"https:\/\/armstrongyregion.com.ar\/diario\/wp-json\/wp\/v2\/posts\/36809\/revisions\/36812"}],"wp:featuredmedia":[{"embeddable":true,"href":"https:\/\/armstrongyregion.com.ar\/diario\/wp-json\/wp\/v2\/media\/36810"}],"wp:attachment":[{"href":"https:\/\/armstrongyregion.com.ar\/diario\/wp-json\/wp\/v2\/media?parent=36809"}],"wp:term":[{"taxonomy":"category","embeddable":true,"href":"https:\/\/armstrongyregion.com.ar\/diario\/wp-json\/wp\/v2\/categories?post=36809"},{"taxonomy":"post_tag","embeddable":true,"href":"https:\/\/armstrongyregion.com.ar\/diario\/wp-json\/wp\/v2\/tags?post=36809"}],"curies":[{"name":"wp","href":"https:\/\/api.w.org\/{rel}","templated":true}]}}