{"id":36787,"date":"2022-12-06T09:53:36","date_gmt":"2022-12-06T09:53:36","guid":{"rendered":"https:\/\/armstrongyregion.com.ar\/diario\/?p=36787"},"modified":"2022-12-06T09:54:06","modified_gmt":"2022-12-06T09:54:06","slug":"que-afecciones-respiratorias-puede-provocar-el-mal-uso-del-aire-acondicionado-y-como-prevenirlas","status":"publish","type":"post","link":"https:\/\/armstrongyregion.com.ar\/diario\/que-afecciones-respiratorias-puede-provocar-el-mal-uso-del-aire-acondicionado-y-como-prevenirlas\/","title":{"rendered":"Qu\u00e9 afecciones respiratorias puede provocar el mal uso del aire acondicionado y c\u00f3mo prevenirlas."},"content":{"rendered":"\n<figure class=\"wp-block-image size-full\"><a href=\"http:\/\/armstrongyregion.com.ar\/diario\/wp-content\/uploads\/2022\/12\/aire-acondicionado-123-.jpg\"><img loading=\"lazy\" decoding=\"async\" width=\"254\" height=\"191\" src=\"http:\/\/armstrongyregion.com.ar\/diario\/wp-content\/uploads\/2022\/12\/aire-acondicionado-123-.jpg\" alt=\"\" class=\"wp-image-36789\"\/><\/a><\/figure>\n\n\n\n<p>La exposici\u00f3n del cuerpo a cambios bruscos de temperatura puede derivar en resfr\u00edos, laringitis y hasta neumon\u00edas. Especialistas indican c\u00f3mo evitar estas afecciones y de qu\u00e9 manera usar correctamente los equipos de refrigeraci\u00f3n.<\/p>\n\n\n\n<p>La falta de mantenimiento en los filtros del\u00a0<a rel=\"noreferrer noopener\" href=\"https:\/\/www.rosario3.com\/informaciongeneral\/Alerta-por-calor-extremo-la-EPE-pidio-un-uso-racional-de-la-energia-20221117-0016.html\" target=\"_blank\">aire acondicionado<\/a>, la inadecuada ventilaci\u00f3n de los ambientes refrigerados o la exposici\u00f3n del cuerpo a cambios bruscos de temperatura pueden derivar en\u00a0<strong>afecciones respiratorias<\/strong>\u00a0como resfr\u00edos, laringitis, faringitis, sinusitis, crisis de alergias, broncoespasmos en personas asm\u00e1ticas y hasta neumon\u00edas, seg\u00fan especialistas del Hospital de Cl\u00ednicas de la Universidad de Buenos Aires.<\/p>\n\n\n\n<p>\u00abLos aparatos de aire acondicionado enfr\u00edan el aire, le quitan humedad y&nbsp;<strong>tienden a acumular polvo u otro tipo de sustancias org\u00e1nicas en los filtros<\/strong>; todo lo cual favorece la irritaci\u00f3n, inflamaci\u00f3n o infecci\u00f3n de las v\u00edas respiratorias\u00bb, explic\u00f3 la doctora Ana Putruele, jefa de la Divisi\u00f3n Neumonolog\u00eda del Hospital de Cl\u00ednicas.<\/p>\n\n\n\n<p>\u00abLos problemas m\u00e1s graves se relacionan con los&nbsp;<strong>g\u00e9rmenes acumulados en los filtros sucios del aire acondicionado<\/strong>&nbsp;cuando no hay un mantenimiento adecuado\u00bb, agreg\u00f3.<\/p>\n\n\n\n<p>Entre estos g\u00e9rmenes se destaca la bacteria Legionellapneumophila (responsable de una neumon\u00eda que puede ser grave), as\u00ed como los hongos Aspergillus niger y Aspergillus fumigatus, que provocan rinitis, asma, neumon\u00eda o neumonitis por hipersensibilidad.<\/p>\n\n\n\n<p>\u00abAdem\u00e1s, hay otras&nbsp;<strong>afecciones frecuentes causadas por el uso prolongado de estos aparatos:<\/strong>&nbsp;resfriados, laringitis, faringitis, sinusitis, crisis de alegr\u00edas, broncoespasmos en personas asm\u00e1ticas y episodios de agravamiento de EPOC en casos m\u00e1s complejos\u00bb, a\u00f1adi\u00f3 la especialista.<\/p>\n\n\n\n<p>En cuanto al uso del aire acondicionado a la hora de dormir,&nbsp;<strong>los especialistas recomiendan mantener la temperatura regulada entre 24 y 25\u00ba C<\/strong>, utilizando la funci\u00f3n de modo nocturno para no enfriar en exceso el ambiente durante la noche.<\/p>\n\n\n\n<p>En ese sentido, el neumon\u00f3logo y jefe del Laboratorio del Sue\u00f1o del Hospital de Cl\u00ednicas, Facundo Nogueira, advirti\u00f3 que \u00abponer el aire acondicionado en una temperatura menor puede resultar contraproducente, ya que podemos sentir fr\u00edo y despertar varias veces a mitad de la noche\u00bb.<\/p>\n\n\n\n<p>En tanto, la doctora Putruele destaca que debido a que los aires acondicionados secan los conductos nasales, pueden causar irritaci\u00f3n en las membranas mucosas: \u00abEn ausencia de esta protecci\u00f3n nos volvemos m\u00e1s vulnerables al ataque de algunos virus. El empleo del aire acondicionado favorece la permanencia de las personas en ambientes cerrados, con menor ventilaci\u00f3n, facilitando de este modo la transmisi\u00f3n y el contagio de g\u00e9rmenes\u00bb.<\/p>\n\n\n\n<p>Los especialistas coincidieron en que&nbsp;<strong>\u00abno es recomendable encender y apagar el aire acondicionado constantemente\u00bb<\/strong>&nbsp;porque \u00abla temperatura debe mantenerse estable\u00bb, al tiempo que explicaron que estos cuidados deben enfatizarse en el caso de las habitaciones de las ni\u00f1as y los ni\u00f1os.<\/p>\n\n\n\n<p>\u00abDurante el primer a\u00f1o de vida, las v\u00edas a\u00e9reas son muy estrechas y susceptibles a los cambios del medio ambiente, y cualquier infecci\u00f3n o irritaci\u00f3n puede dificultar la respiraci\u00f3n normal. Para evitar la sequedad en el ambiente se deben ventilar con frecuencia las habitaciones donde estar\u00e1 el ni\u00f1o, una hora al d\u00eda como m\u00ednimo. Es muy importante que el chorro de aire no est\u00e9 enfocado directamente a los m\u00e1s peque\u00f1os\u00bb, profundizan.<\/p>\n\n\n\n<p>Rosario3.com<\/p>\n","protected":false},"excerpt":{"rendered":"<p>La exposici\u00f3n del cuerpo a cambios bruscos de temperatura puede derivar en resfr\u00edos, laringitis y hasta neumon\u00edas. Especialistas indican c\u00f3mo evitar estas afecciones y de qu\u00e9 manera usar correctamente los equipos de refrigeraci\u00f3n. La falta de mantenimiento en los filtros del\u00a0aire acondicionado, la inadecuada ventilaci\u00f3n de los ambientes refrigerados o la exposici\u00f3n del cuerpo a <a href=\"https:\/\/armstrongyregion.com.ar\/diario\/que-afecciones-respiratorias-puede-provocar-el-mal-uso-del-aire-acondicionado-y-como-prevenirlas\/\" title=\"Read more\" >&#8230;<\/a><\/p>\n","protected":false},"author":1,"featured_media":36789,"comment_status":"open","ping_status":"open","sticky":false,"template":"","format":"image","meta":{"_jetpack_memberships_contains_paid_content":false,"footnotes":"","jetpack_publicize_message":"","jetpack_publicize_feature_enabled":true,"jetpack_social_post_already_shared":true,"jetpack_social_options":{"image_generator_settings":{"template":"highway","default_image_id":0,"enabled":false},"version":2}},"categories":[1],"tags":[],"class_list":["post-36787","post","type-post","status-publish","format-image","has-post-thumbnail","hentry","category-diario-armstrong","post_format-post-format-image"],"jetpack_publicize_connections":[],"jetpack_featured_media_url":"https:\/\/armstrongyregion.com.ar\/diario\/wp-content\/uploads\/2022\/12\/aire-acondicionado-123-.jpg","jetpack_shortlink":"https:\/\/wp.me\/p62QDO-9zl","jetpack_sharing_enabled":true,"amp_enabled":true,"_links":{"self":[{"href":"https:\/\/armstrongyregion.com.ar\/diario\/wp-json\/wp\/v2\/posts\/36787","targetHints":{"allow":["GET"]}}],"collection":[{"href":"https:\/\/armstrongyregion.com.ar\/diario\/wp-json\/wp\/v2\/posts"}],"about":[{"href":"https:\/\/armstrongyregion.com.ar\/diario\/wp-json\/wp\/v2\/types\/post"}],"author":[{"embeddable":true,"href":"https:\/\/armstrongyregion.com.ar\/diario\/wp-json\/wp\/v2\/users\/1"}],"replies":[{"embeddable":true,"href":"https:\/\/armstrongyregion.com.ar\/diario\/wp-json\/wp\/v2\/comments?post=36787"}],"version-history":[{"count":2,"href":"https:\/\/armstrongyregion.com.ar\/diario\/wp-json\/wp\/v2\/posts\/36787\/revisions"}],"predecessor-version":[{"id":36791,"href":"https:\/\/armstrongyregion.com.ar\/diario\/wp-json\/wp\/v2\/posts\/36787\/revisions\/36791"}],"wp:featuredmedia":[{"embeddable":true,"href":"https:\/\/armstrongyregion.com.ar\/diario\/wp-json\/wp\/v2\/media\/36789"}],"wp:attachment":[{"href":"https:\/\/armstrongyregion.com.ar\/diario\/wp-json\/wp\/v2\/media?parent=36787"}],"wp:term":[{"taxonomy":"category","embeddable":true,"href":"https:\/\/armstrongyregion.com.ar\/diario\/wp-json\/wp\/v2\/categories?post=36787"},{"taxonomy":"post_tag","embeddable":true,"href":"https:\/\/armstrongyregion.com.ar\/diario\/wp-json\/wp\/v2\/tags?post=36787"}],"curies":[{"name":"wp","href":"https:\/\/api.w.org\/{rel}","templated":true}]}}