{"id":36783,"date":"2022-12-05T21:52:59","date_gmt":"2022-12-05T21:52:59","guid":{"rendered":"https:\/\/armstrongyregion.com.ar\/diario\/?p=36783"},"modified":"2022-12-05T21:53:36","modified_gmt":"2022-12-05T21:53:36","slug":"la-provincia-recomienda-la-vacunacion-para-covid","status":"publish","type":"post","link":"https:\/\/armstrongyregion.com.ar\/diario\/la-provincia-recomienda-la-vacunacion-para-covid\/","title":{"rendered":"La provincia recomienda la vacunaci\u00f3n para Covid."},"content":{"rendered":"\n<figure class=\"wp-block-image size-full\"><a href=\"http:\/\/armstrongyregion.com.ar\/diario\/wp-content\/uploads\/2022\/12\/covid-pcia-.jpg\"><img loading=\"lazy\" decoding=\"async\" width=\"361\" height=\"270\" src=\"http:\/\/armstrongyregion.com.ar\/diario\/wp-content\/uploads\/2022\/12\/covid-pcia-.jpg\" alt=\"\" class=\"wp-image-36784\" srcset=\"https:\/\/armstrongyregion.com.ar\/diario\/wp-content\/uploads\/2022\/12\/covid-pcia-.jpg 361w, https:\/\/armstrongyregion.com.ar\/diario\/wp-content\/uploads\/2022\/12\/covid-pcia--300x224.jpg 300w\" sizes=\"auto, (max-width: 361px) 100vw, 361px\" \/><\/a><\/figure>\n\n\n\n<h2 class=\"wp-block-heading\">La ministra de Salud, Sonia Martorano, destac\u00f3 la importancia de asistir a los centros para colocarse el refuerzo correspondiente.<\/h2>\n\n\n\n<p>El Gobierno provincial, mediante el Ministerio de Salud, insiste en la necesidad de completar esquemas de vacunaci\u00f3n. De esta forma, invita a las personas a aplicarse la vacuna para Coronavirus si ya pasaron 120 d\u00edas desde la \u00faltima dosis.&nbsp;<\/p>\n\n\n\n<p>\u201cNuestra recomendaci\u00f3n es reforzar la vacunaci\u00f3n: si pasaron 120 d\u00edas de la \u00faltima dosis, se pueden acercar a colocarse el refuerzo pertinente (tercero, cuarto o quinto)\u201d, sostuvo la ministra Sonia Martorano. Asimismo invit\u00f3 a chequear en el sitio web provincial, los vacunatorios disponibles.<\/p>\n\n\n\n<p>Adem\u00e1s, la funcionaria puntualiz\u00f3: \u201caquellas personas que sean inmunodeprimidas, pacientes oncol\u00f3gicos con tratamiento, si les sugerimos que utilicen el barbijo, especialmente en espacios cerrados\u201d, adem\u00e1s de completar los esquemas de vacunaci\u00f3n.<\/p>\n\n\n\n<p>Para ejemplificar y poner en contexto la ministra record\u00f3 que \u201cel a\u00f1o pasado tambi\u00e9n se pens\u00f3 en un periodo de calma por una cuesti\u00f3n estacional, sin embargo en diciembre notamos algunos aumentos de casos y en enero-febrero estall\u00f3 omicron\u201d .<\/p>\n\n\n\n<p>Por \u00faltimo, Martorano explic\u00f3: \u201cvemos el aumento de casos, sobre todo en AMBA y como tenemos una demora nos da un tiempo para prepararnos. Probablemente no tenga la misma trascendencia que en otros momentos pero insistimos en la vacunaci\u00f3n, en el lavado de manos y ventilaci\u00f3n. Los casos a nivel nacional est\u00e1n en aumento, a nivel provincial pasamos de 27 casos a 88, esto es con un nivel de testeo muy bajo\u201d.<\/p>\n","protected":false},"excerpt":{"rendered":"<p>La ministra de Salud, Sonia Martorano, destac\u00f3 la importancia de asistir a los centros para colocarse el refuerzo correspondiente. El Gobierno provincial, mediante el Ministerio de Salud, insiste en la necesidad de completar esquemas de vacunaci\u00f3n. De esta forma, invita a las personas a aplicarse la vacuna para Coronavirus si ya pasaron 120 d\u00edas desde <a href=\"https:\/\/armstrongyregion.com.ar\/diario\/la-provincia-recomienda-la-vacunacion-para-covid\/\" title=\"Read more\" >&#8230;<\/a><\/p>\n","protected":false},"author":1,"featured_media":36784,"comment_status":"open","ping_status":"open","sticky":false,"template":"","format":"image","meta":{"_jetpack_memberships_contains_paid_content":false,"footnotes":"","jetpack_publicize_message":"","jetpack_publicize_feature_enabled":true,"jetpack_social_post_already_shared":true,"jetpack_social_options":{"image_generator_settings":{"template":"highway","default_image_id":0,"enabled":false},"version":2}},"categories":[8,1,2,7,3],"tags":[8726,31,8725,8621],"class_list":["post-36783","post","type-post","status-publish","format-image","has-post-thumbnail","hentry","category-deliberando","category-diario-armstrong","category-locales","category-politica","category-region","tag-covid","tag-la","tag-provincia-recomienda","tag-vacunacion","post_format-post-format-image"],"jetpack_publicize_connections":[],"jetpack_featured_media_url":"https:\/\/armstrongyregion.com.ar\/diario\/wp-content\/uploads\/2022\/12\/covid-pcia-.jpg","jetpack_shortlink":"https:\/\/wp.me\/p62QDO-9zh","jetpack_sharing_enabled":true,"amp_enabled":true,"_links":{"self":[{"href":"https:\/\/armstrongyregion.com.ar\/diario\/wp-json\/wp\/v2\/posts\/36783","targetHints":{"allow":["GET"]}}],"collection":[{"href":"https:\/\/armstrongyregion.com.ar\/diario\/wp-json\/wp\/v2\/posts"}],"about":[{"href":"https:\/\/armstrongyregion.com.ar\/diario\/wp-json\/wp\/v2\/types\/post"}],"author":[{"embeddable":true,"href":"https:\/\/armstrongyregion.com.ar\/diario\/wp-json\/wp\/v2\/users\/1"}],"replies":[{"embeddable":true,"href":"https:\/\/armstrongyregion.com.ar\/diario\/wp-json\/wp\/v2\/comments?post=36783"}],"version-history":[{"count":1,"href":"https:\/\/armstrongyregion.com.ar\/diario\/wp-json\/wp\/v2\/posts\/36783\/revisions"}],"predecessor-version":[{"id":36785,"href":"https:\/\/armstrongyregion.com.ar\/diario\/wp-json\/wp\/v2\/posts\/36783\/revisions\/36785"}],"wp:featuredmedia":[{"embeddable":true,"href":"https:\/\/armstrongyregion.com.ar\/diario\/wp-json\/wp\/v2\/media\/36784"}],"wp:attachment":[{"href":"https:\/\/armstrongyregion.com.ar\/diario\/wp-json\/wp\/v2\/media?parent=36783"}],"wp:term":[{"taxonomy":"category","embeddable":true,"href":"https:\/\/armstrongyregion.com.ar\/diario\/wp-json\/wp\/v2\/categories?post=36783"},{"taxonomy":"post_tag","embeddable":true,"href":"https:\/\/armstrongyregion.com.ar\/diario\/wp-json\/wp\/v2\/tags?post=36783"}],"curies":[{"name":"wp","href":"https:\/\/api.w.org\/{rel}","templated":true}]}}