{"id":36770,"date":"2022-12-04T01:31:58","date_gmt":"2022-12-04T01:31:58","guid":{"rendered":"https:\/\/armstrongyregion.com.ar\/diario\/?p=36770"},"modified":"2022-12-04T01:37:14","modified_gmt":"2022-12-04T01:37:14","slug":"gramigna-solicitamos-informacion-sobre-las-condiciones-laborales-de-las-mujeres-que-integran-la-cuadrilla-de-barrido","status":"publish","type":"post","link":"https:\/\/armstrongyregion.com.ar\/diario\/gramigna-solicitamos-informacion-sobre-las-condiciones-laborales-de-las-mujeres-que-integran-la-cuadrilla-de-barrido\/","title":{"rendered":"Gramigna: \u00abSolicitamos informaci\u00f3n sobre las condiciones laborales de las mujeres que integran la cuadrilla de barrido\u00bb."},"content":{"rendered":"\n<figure class=\"wp-block-image size-full\"><a href=\"http:\/\/armstrongyregion.com.ar\/diario\/wp-content\/uploads\/2020\/12\/Emi-Gramigna-dici.2020.jpg\"><img loading=\"lazy\" decoding=\"async\" width=\"569\" height=\"320\" src=\"http:\/\/armstrongyregion.com.ar\/diario\/wp-content\/uploads\/2020\/12\/Emi-Gramigna-dici.2020.jpg\" alt=\"\" class=\"wp-image-28132\" srcset=\"https:\/\/armstrongyregion.com.ar\/diario\/wp-content\/uploads\/2020\/12\/Emi-Gramigna-dici.2020.jpg 569w, https:\/\/armstrongyregion.com.ar\/diario\/wp-content\/uploads\/2020\/12\/Emi-Gramigna-dici.2020-300x169.jpg 300w\" sizes=\"auto, (max-width: 569px) 100vw, 569px\" \/><\/a><\/figure>\n\n\n\n<p>En dialogo con los medios locales el concejal Emiliano Gramigna expres\u00f3: \u201cHoy presentamos un pedido de informe sobre el reclamo por parte de trabajadoras de barrido de la municipalidad, ya que circul\u00f3 un video que es de publico conocimiento. Desde nuestro bloque solicitamos informaci\u00f3n sobre sus condiciones de trabajo, como es la asistencia con el tema de la hidrataci\u00f3n sabiendo que vienen d\u00edas de muy altas temperaturas y obviamente bregamos que no afecte la salud de las mujeres debido al trabajo que hacen. Tambi\u00e9n consultamos sobre la posibilidad de alg\u00fan cambio de horario\u201d.<\/p>\n\n\n\n<p>El edil a\u00f1adi\u00f3: \u201cDe este tema no hay que hacer un show pol\u00edtico ni sacar tajada, simplemente queremos saber que es lo que pasa para que esto no vuelva a ocurrir y tambi\u00e9n quienes son los responsables. Una vez que tengamos conocimiento lo evaluaremos conjuntamente con el concejal Urqu\u00eda y tomaremos las acciones correspondientes con el resto de los concejales para saber bien como accionar ante una situaci\u00f3n as\u00ed\u201d.<\/p>\n","protected":false},"excerpt":{"rendered":"<p>En dialogo con los medios locales el concejal Emiliano Gramigna expres\u00f3: \u201cHoy presentamos un pedido de informe sobre el reclamo por parte de trabajadoras de barrido de la municipalidad, ya que circul\u00f3 un video que es de publico conocimiento. Desde nuestro bloque solicitamos informaci\u00f3n sobre sus condiciones de trabajo, como es la asistencia con el <a href=\"https:\/\/armstrongyregion.com.ar\/diario\/gramigna-solicitamos-informacion-sobre-las-condiciones-laborales-de-las-mujeres-que-integran-la-cuadrilla-de-barrido\/\" title=\"Read more\" >&#8230;<\/a><\/p>\n","protected":false},"author":1,"featured_media":28132,"comment_status":"open","ping_status":"open","sticky":false,"template":"","format":"image","meta":{"_jetpack_memberships_contains_paid_content":false,"footnotes":"","jetpack_publicize_message":"","jetpack_publicize_feature_enabled":true,"jetpack_social_post_already_shared":true,"jetpack_social_options":{"image_generator_settings":{"template":"highway","default_image_id":0,"enabled":false},"version":2}},"categories":[8,1,2,7],"tags":[8719,8717,8718,979,8709,2036,23,118],"class_list":["post-36770","post","type-post","status-publish","format-image","has-post-thumbnail","hentry","category-deliberando","category-diario-armstrong","category-locales","category-politica","tag-barrido","tag-condiciones","tag-cuadrilla","tag-gramigna","tag-informacion-2","tag-laborales","tag-las","tag-sobre","post_format-post-format-image"],"jetpack_publicize_connections":[],"jetpack_featured_media_url":"https:\/\/armstrongyregion.com.ar\/diario\/wp-content\/uploads\/2020\/12\/Emi-Gramigna-dici.2020.jpg","jetpack_shortlink":"https:\/\/wp.me\/p62QDO-9z4","jetpack_sharing_enabled":true,"amp_enabled":true,"_links":{"self":[{"href":"https:\/\/armstrongyregion.com.ar\/diario\/wp-json\/wp\/v2\/posts\/36770","targetHints":{"allow":["GET"]}}],"collection":[{"href":"https:\/\/armstrongyregion.com.ar\/diario\/wp-json\/wp\/v2\/posts"}],"about":[{"href":"https:\/\/armstrongyregion.com.ar\/diario\/wp-json\/wp\/v2\/types\/post"}],"author":[{"embeddable":true,"href":"https:\/\/armstrongyregion.com.ar\/diario\/wp-json\/wp\/v2\/users\/1"}],"replies":[{"embeddable":true,"href":"https:\/\/armstrongyregion.com.ar\/diario\/wp-json\/wp\/v2\/comments?post=36770"}],"version-history":[{"count":2,"href":"https:\/\/armstrongyregion.com.ar\/diario\/wp-json\/wp\/v2\/posts\/36770\/revisions"}],"predecessor-version":[{"id":36773,"href":"https:\/\/armstrongyregion.com.ar\/diario\/wp-json\/wp\/v2\/posts\/36770\/revisions\/36773"}],"wp:featuredmedia":[{"embeddable":true,"href":"https:\/\/armstrongyregion.com.ar\/diario\/wp-json\/wp\/v2\/media\/28132"}],"wp:attachment":[{"href":"https:\/\/armstrongyregion.com.ar\/diario\/wp-json\/wp\/v2\/media?parent=36770"}],"wp:term":[{"taxonomy":"category","embeddable":true,"href":"https:\/\/armstrongyregion.com.ar\/diario\/wp-json\/wp\/v2\/categories?post=36770"},{"taxonomy":"post_tag","embeddable":true,"href":"https:\/\/armstrongyregion.com.ar\/diario\/wp-json\/wp\/v2\/tags?post=36770"}],"curies":[{"name":"wp","href":"https:\/\/api.w.org\/{rel}","templated":true}]}}