{"id":36751,"date":"2022-12-03T15:58:38","date_gmt":"2022-12-03T15:58:38","guid":{"rendered":"https:\/\/armstrongyregion.com.ar\/diario\/?p=36751"},"modified":"2022-12-03T15:58:42","modified_gmt":"2022-12-03T15:58:42","slug":"la-provincia-conmemora-el-dia-internacional-de-las-personas-con-discapacidad-implementando-el-programa-de-autonomia-personal","status":"publish","type":"post","link":"https:\/\/armstrongyregion.com.ar\/diario\/la-provincia-conmemora-el-dia-internacional-de-las-personas-con-discapacidad-implementando-el-programa-de-autonomia-personal\/","title":{"rendered":"La provincia conmemora el D\u00eda Internacional de las Personas con Discapacidad implementando el Programa de Autonom\u00eda Personal."},"content":{"rendered":"\n<figure class=\"wp-block-image size-full\"><a href=\"http:\/\/armstrongyregion.com.ar\/diario\/wp-content\/uploads\/2022\/12\/discapacidad-.jpg\"><img loading=\"lazy\" decoding=\"async\" width=\"570\" height=\"320\" src=\"http:\/\/armstrongyregion.com.ar\/diario\/wp-content\/uploads\/2022\/12\/discapacidad-.jpg\" alt=\"\" class=\"wp-image-36752\" srcset=\"https:\/\/armstrongyregion.com.ar\/diario\/wp-content\/uploads\/2022\/12\/discapacidad-.jpg 570w, https:\/\/armstrongyregion.com.ar\/diario\/wp-content\/uploads\/2022\/12\/discapacidad--300x168.jpg 300w\" sizes=\"auto, (max-width: 570px) 100vw, 570px\" \/><\/a><\/figure>\n\n\n\n<h2 class=\"wp-block-heading\">El mismo est\u00e1 destinado a personas con discapacidad que no cuenten con cobertura de Obra Social, beneficio previsional, ni recursos socioecon\u00f3micos suficientes.<\/h2>\n\n\n\n<p>En el marco del D\u00eda Internacional de las Personas con Discapacidad, el Ministerio de Salud, a trav\u00e9s de la Subsecretar\u00eda de Inclusi\u00f3n para Personas con Discapacidad, habilita oficialmente el Programa de Autonom\u00eda Personal. Con el objetivo de fortalecer pol\u00edticas p\u00fablicas inclusivas que promuevan la autonom\u00eda e independencia de las personas con discapacidad, brindando la asistencia necesaria para poder desarrollarlo.<\/p>\n\n\n\n<p>Cada 3 de diciembre, se conmemora a nivel mundial el reconocimiento de los derechos de las personas con discapacidad, impulsando y difundiendo la inclusi\u00f3n como bandera y condici\u00f3n esencial para el respeto a los derechos humanos, el desarrollo sostenible, la paz y la seguridad. Este a\u00f1o, el lema declarado por las Naciones Unidas es \u00abLiderazgo y participaci\u00f3n de las personas con discapacidad en la construcci\u00f3n de un mundo postcovid inclusivo, accesible y sostenible\u00bb, entendiendo que la inclusi\u00f3n de la discapacidad resultar\u00e1 en una respuesta frente al COVID-19 y una recuperaci\u00f3n de la crisis m\u00e1s efectiva e igualitaria.<\/p>\n\n\n\n<p>En este sentido, la ministra de Salud, Sonia Martorano, junto al subsecretario de Inclusi\u00f3n, Patricio Huerga, pusieron en marcha el Programa de Promoci\u00f3n de la Autonom\u00eda Personal para Personas con Discapacidad, con el objetivo de brindar asistencia a las PCD para contribuir al desarrollo de su autonom\u00eda personal, evitar la institucionalizaci\u00f3n, favorecer la desinstitucionalizaci\u00f3n, promover la inclusi\u00f3n social y productiva, y mejorar su calidad de vida.<\/p>\n\n\n\n<p>De esta manera Huerga explica que \u201cpara que las personas con discapacidad puedan hacer valer sus derechos, estar en igualdad de condiciones y tener las mismas oportunidades, debemos brindarles las herramientas y posibilidades necesarias para que puedan mejorar su calidad de vida, promoviendo su autonom\u00eda e independencia\u201d.<\/p>\n\n\n\n<p>Y continu\u00f3: \u201cVenimos trabajando para lograrlo, por ello a partir de este programa las personas con discapacidad que no tienen cobertura de pbra social podr\u00e1n tener asistencia personal, domiciliaria, terap\u00e9utica, escolar y habitacional\u201d.<\/p>\n\n\n\n<p><strong>PROGRAMA DE PROMOCI\u00d3N DE LA AUTONOM\u00cdA PERSONAL PARA PERSONAS CON DISCAPACIDAD<\/strong><\/p>\n\n\n\n<p>&gt;&gt; Subprograma de Asistencia Personal, Domiciliaria, Terap\u00e9utica, Acompa\u00f1amiento Escolar.<\/p>\n\n\n\n<p>Objetivo: Se entiende por Asistencia al servicio brindado a una persona con discapacidad con el fin de contribuir al desarrollo de su autonom\u00eda personal, evitar la institucionalizaci\u00f3n, favorecer la desinstitucionalizaci\u00f3n, promover la inclusi\u00f3n social y productiva, y mejorar su calidad de vida.<\/p>\n\n\n\n<p>Beneficiarios: \u00bfQui\u00e9nes pueden ser beneficiarios del Subprograma?<\/p>\n\n\n\n<p>El Subprograma est\u00e1 destinado a PCD dependientes que requieran asistencia para lograr el mayor grado de autonom\u00eda posible. Deben residir en la Provincia de Santa Fe y no contar con cobertura de Obra Social ni beneficio previsional, ni recursos socioecon\u00f3micos suficientes para hacer frente al servicio de Asistencia Personal.<\/p>\n\n\n\n<p>&gt;&gt; Subprograma de Asistencia habitacional; en hospedaje o pensi\u00f3n como recurso para cubrir necesidades habitacionales.<\/p>\n\n\n\n<p>Objetivo: Brindar una prestaci\u00f3n habitacional complementaria a otros servicios y\/o actividades que la Persona con Discapacidad requiera a fin de lograr una vida independiente. Asegurar y respetar los principios y derechos establecidos en la normativa Internacional, nacional y Provincial. Gozar del derecho a vivir dentro de la comunidad en igualdad de condiciones que las dem\u00e1s y a tal fin recibir protecciones especiales. Evitando as\u00ed la institucionalizaci\u00f3n de Personas con Discapacidad.<\/p>\n\n\n\n<p>Beneficiarios: Mayores de edad, Residentes en la Provincia de Santa Fe que no cuenten con cobertura de obra social, ni beneficios previsionales, ni recursos econ\u00f3micos suficientes para hacer frente a este beneficio.<\/p>\n","protected":false},"excerpt":{"rendered":"<p>El mismo est\u00e1 destinado a personas con discapacidad que no cuenten con cobertura de Obra Social, beneficio previsional, ni recursos socioecon\u00f3micos suficientes. En el marco del D\u00eda Internacional de las Personas con Discapacidad, el Ministerio de Salud, a trav\u00e9s de la Subsecretar\u00eda de Inclusi\u00f3n para Personas con Discapacidad, habilita oficialmente el Programa de Autonom\u00eda Personal. <a href=\"https:\/\/armstrongyregion.com.ar\/diario\/la-provincia-conmemora-el-dia-internacional-de-las-personas-con-discapacidad-implementando-el-programa-de-autonomia-personal\/\" title=\"Read more\" >&#8230;<\/a><\/p>\n","protected":false},"author":1,"featured_media":36752,"comment_status":"open","ping_status":"open","sticky":false,"template":"","format":"image","meta":{"_jetpack_memberships_contains_paid_content":false,"footnotes":"","jetpack_publicize_message":"","jetpack_publicize_feature_enabled":true,"jetpack_social_post_already_shared":true,"jetpack_social_options":{"image_generator_settings":{"template":"highway","default_image_id":0,"enabled":false},"version":2}},"categories":[8,1,2,7,3],"tags":[100,793,2725,319,696],"class_list":["post-36751","post","type-post","status-publish","format-image","has-post-thumbnail","hentry","category-deliberando","category-diario-armstrong","category-locales","category-politica","category-region","tag-con","tag-dia","tag-discapacidad","tag-internacional","tag-personas","post_format-post-format-image"],"jetpack_publicize_connections":[],"jetpack_featured_media_url":"https:\/\/armstrongyregion.com.ar\/diario\/wp-content\/uploads\/2022\/12\/discapacidad-.jpg","jetpack_shortlink":"https:\/\/wp.me\/p62QDO-9yL","jetpack_sharing_enabled":true,"amp_enabled":true,"_links":{"self":[{"href":"https:\/\/armstrongyregion.com.ar\/diario\/wp-json\/wp\/v2\/posts\/36751","targetHints":{"allow":["GET"]}}],"collection":[{"href":"https:\/\/armstrongyregion.com.ar\/diario\/wp-json\/wp\/v2\/posts"}],"about":[{"href":"https:\/\/armstrongyregion.com.ar\/diario\/wp-json\/wp\/v2\/types\/post"}],"author":[{"embeddable":true,"href":"https:\/\/armstrongyregion.com.ar\/diario\/wp-json\/wp\/v2\/users\/1"}],"replies":[{"embeddable":true,"href":"https:\/\/armstrongyregion.com.ar\/diario\/wp-json\/wp\/v2\/comments?post=36751"}],"version-history":[{"count":2,"href":"https:\/\/armstrongyregion.com.ar\/diario\/wp-json\/wp\/v2\/posts\/36751\/revisions"}],"predecessor-version":[{"id":36754,"href":"https:\/\/armstrongyregion.com.ar\/diario\/wp-json\/wp\/v2\/posts\/36751\/revisions\/36754"}],"wp:featuredmedia":[{"embeddable":true,"href":"https:\/\/armstrongyregion.com.ar\/diario\/wp-json\/wp\/v2\/media\/36752"}],"wp:attachment":[{"href":"https:\/\/armstrongyregion.com.ar\/diario\/wp-json\/wp\/v2\/media?parent=36751"}],"wp:term":[{"taxonomy":"category","embeddable":true,"href":"https:\/\/armstrongyregion.com.ar\/diario\/wp-json\/wp\/v2\/categories?post=36751"},{"taxonomy":"post_tag","embeddable":true,"href":"https:\/\/armstrongyregion.com.ar\/diario\/wp-json\/wp\/v2\/tags?post=36751"}],"curies":[{"name":"wp","href":"https:\/\/api.w.org\/{rel}","templated":true}]}}