{"id":36747,"date":"2022-12-02T01:45:57","date_gmt":"2022-12-02T01:45:57","guid":{"rendered":"https:\/\/armstrongyregion.com.ar\/diario\/?p=36747"},"modified":"2022-12-02T01:46:01","modified_gmt":"2022-12-02T01:46:01","slug":"se-solicita-informacion-sobre-el-paradero-de-bruno-alberto-gentiletti","status":"publish","type":"post","link":"https:\/\/armstrongyregion.com.ar\/diario\/se-solicita-informacion-sobre-el-paradero-de-bruno-alberto-gentiletti\/","title":{"rendered":"Se solicita informaci\u00f3n sobre el paradero de Bruno Alberto Gentiletti."},"content":{"rendered":"\n<figure class=\"wp-block-image size-full\"><a href=\"http:\/\/armstrongyregion.com.ar\/diario\/wp-content\/uploads\/2022\/12\/Bruno-Gentiletti-.jpg\"><img loading=\"lazy\" decoding=\"async\" width=\"360\" height=\"329\" src=\"http:\/\/armstrongyregion.com.ar\/diario\/wp-content\/uploads\/2022\/12\/Bruno-Gentiletti-.jpg\" alt=\"\" class=\"wp-image-36748\" srcset=\"https:\/\/armstrongyregion.com.ar\/diario\/wp-content\/uploads\/2022\/12\/Bruno-Gentiletti-.jpg 360w, https:\/\/armstrongyregion.com.ar\/diario\/wp-content\/uploads\/2022\/12\/Bruno-Gentiletti--300x274.jpg 300w\" sizes=\"auto, (max-width: 360px) 100vw, 360px\" \/><\/a><\/figure>\n\n\n\n<h2 class=\"wp-block-heading\">A trav\u00e9s de la Secretar\u00eda de Derechos Humanos de Santa Fe.<\/h2>\n\n\n\n<p>La Secretar\u00eda de Derechos Humanos de Santa Fe solicita cualquier informaci\u00f3n sobre el paradero de Bruno Alberto Gentiletti, quien fue visto por \u00faltima vez en el balneario La Florida de la ciudad de Rosario, provincia de Santa Fe, cuando ten\u00eda 8 a\u00f1os, el 2 de marzo de 1997.<\/p>\n\n\n\n<p>A 25 a\u00f1os de su desaparici\u00f3n, Bruno Alberto Gentiletti, oriundo de la localidad de Las Rosas, provincia de Santa Fe, hoy tendr\u00eda 34 a\u00f1os.<\/p>\n\n\n\n<p>Seg\u00fan consta en la denuncia al momento de su desaparici\u00f3n, Bruno Alberto Gentiletti med\u00eda 1,25 mts., ten\u00eda cabello rubio claro, tez blanca, ojos verdes y era de contextura peque\u00f1a. Las caracter\u00edsticas f\u00edsicas para buscarlo quedaron desactualizadas por el paso del tiempo. Pueden seguir siendo una pista v\u00e1lida una cicatriz de 3 cm en el om\u00f3plato derecho y el tabique de la nariz apenas desviado por una operaci\u00f3n realizada 8 meses antes de su desaparici\u00f3n.<\/p>\n\n\n\n<p>Se cuenta con cuatro im\u00e1genes de Bruno Alberto Gentiletti: dos del a\u00f1o 1997, actuales al momento de su desaparici\u00f3n, y otras dos actualizada a partir de una t\u00e9cnica de progresi\u00f3n de edad. Una da cuenta de c\u00f3mo habr\u00eda sido su rostro alrededor de los 17 a\u00f1os, y la otra c\u00f3mo puede ser su rostro en la actualidad.<\/p>\n\n\n\n<p>Se adjuntan aqu\u00ed tres im\u00e1genes:<\/p>\n\n\n\n<p>A la izquierda: Bruno Alberto Gentiletti a los ocho a\u00f1os de edad (cuando desapareci\u00f3).<\/p>\n\n\n\n<p>En el centro: Bruno Alberto Gentiletti a los 17 a\u00f1os de edad (actualizada a partir de una t\u00e9cnica de reconstrucci\u00f3n digital, con im\u00e1genes de padre, hermanos y abuelos).<\/p>\n\n\n\n<p>A la derecha Bruno Alberto Gentiletti como podr\u00eda ser en la actualidad (actualizada a partir de una t\u00e9cnica de reconstrucci\u00f3n digital, con im\u00e1genes de padre, hermanos y abuelos).<\/p>\n\n\n\n<p>Se solicita la m\u00e1s amplia colaboraci\u00f3n de toda la ciudadan\u00eda a los fines de recabar informaci\u00f3n que aporte a la b\u00fasqueda. Ante cualquier dato por favor contactarse con la Secretar\u00eda de Derechos Humanos de Santa Fe a los tel\u00e9fonos 0342-155357756 o 0342-156157372.<\/p>\n","protected":false},"excerpt":{"rendered":"<p>A trav\u00e9s de la Secretar\u00eda de Derechos Humanos de Santa Fe. La Secretar\u00eda de Derechos Humanos de Santa Fe solicita cualquier informaci\u00f3n sobre el paradero de Bruno Alberto Gentiletti, quien fue visto por \u00faltima vez en el balneario La Florida de la ciudad de Rosario, provincia de Santa Fe, cuando ten\u00eda 8 a\u00f1os, el 2 <a href=\"https:\/\/armstrongyregion.com.ar\/diario\/se-solicita-informacion-sobre-el-paradero-de-bruno-alberto-gentiletti\/\" title=\"Read more\" >&#8230;<\/a><\/p>\n","protected":false},"author":1,"featured_media":36748,"comment_status":"open","ping_status":"open","sticky":false,"template":"","format":"image","meta":{"_jetpack_memberships_contains_paid_content":false,"footnotes":"","jetpack_publicize_message":"","jetpack_publicize_feature_enabled":true,"jetpack_social_post_already_shared":true,"jetpack_social_options":{"image_generator_settings":{"template":"highway","default_image_id":0,"enabled":false},"version":2}},"categories":[8,1,2,7,3],"tags":[444,8711,8709,8710,86,3030],"class_list":["post-36747","post","type-post","status-publish","format-image","has-post-thumbnail","hentry","category-deliberando","category-diario-armstrong","category-locales","category-politica","category-region","tag-bruno","tag-gentiletti","tag-informacion-2","tag-paradero-2","tag-se","tag-solicita","post_format-post-format-image"],"jetpack_publicize_connections":[],"jetpack_featured_media_url":"https:\/\/armstrongyregion.com.ar\/diario\/wp-content\/uploads\/2022\/12\/Bruno-Gentiletti-.jpg","jetpack_shortlink":"https:\/\/wp.me\/p62QDO-9yH","jetpack_sharing_enabled":true,"amp_enabled":true,"_links":{"self":[{"href":"https:\/\/armstrongyregion.com.ar\/diario\/wp-json\/wp\/v2\/posts\/36747","targetHints":{"allow":["GET"]}}],"collection":[{"href":"https:\/\/armstrongyregion.com.ar\/diario\/wp-json\/wp\/v2\/posts"}],"about":[{"href":"https:\/\/armstrongyregion.com.ar\/diario\/wp-json\/wp\/v2\/types\/post"}],"author":[{"embeddable":true,"href":"https:\/\/armstrongyregion.com.ar\/diario\/wp-json\/wp\/v2\/users\/1"}],"replies":[{"embeddable":true,"href":"https:\/\/armstrongyregion.com.ar\/diario\/wp-json\/wp\/v2\/comments?post=36747"}],"version-history":[{"count":2,"href":"https:\/\/armstrongyregion.com.ar\/diario\/wp-json\/wp\/v2\/posts\/36747\/revisions"}],"predecessor-version":[{"id":36750,"href":"https:\/\/armstrongyregion.com.ar\/diario\/wp-json\/wp\/v2\/posts\/36747\/revisions\/36750"}],"wp:featuredmedia":[{"embeddable":true,"href":"https:\/\/armstrongyregion.com.ar\/diario\/wp-json\/wp\/v2\/media\/36748"}],"wp:attachment":[{"href":"https:\/\/armstrongyregion.com.ar\/diario\/wp-json\/wp\/v2\/media?parent=36747"}],"wp:term":[{"taxonomy":"category","embeddable":true,"href":"https:\/\/armstrongyregion.com.ar\/diario\/wp-json\/wp\/v2\/categories?post=36747"},{"taxonomy":"post_tag","embeddable":true,"href":"https:\/\/armstrongyregion.com.ar\/diario\/wp-json\/wp\/v2\/tags?post=36747"}],"curies":[{"name":"wp","href":"https:\/\/api.w.org\/{rel}","templated":true}]}}