{"id":36729,"date":"2022-11-30T20:25:40","date_gmt":"2022-11-30T20:25:40","guid":{"rendered":"https:\/\/armstrongyregion.com.ar\/diario\/?p=36729"},"modified":"2022-11-30T20:25:44","modified_gmt":"2022-11-30T20:25:44","slug":"la-provincia-conmemora-el-dia-mundial-de-la-lucha-contra-el-sida","status":"publish","type":"post","link":"https:\/\/armstrongyregion.com.ar\/diario\/la-provincia-conmemora-el-dia-mundial-de-la-lucha-contra-el-sida\/","title":{"rendered":"La provincia conmemora el D\u00eda Mundial de la lucha contra el Sida."},"content":{"rendered":"\n<figure class=\"wp-block-image size-full\"><a href=\"http:\/\/armstrongyregion.com.ar\/diario\/wp-content\/uploads\/2022\/11\/sida.jpg\"><img loading=\"lazy\" decoding=\"async\" width=\"570\" height=\"320\" src=\"http:\/\/armstrongyregion.com.ar\/diario\/wp-content\/uploads\/2022\/11\/sida.jpg\" alt=\"\" class=\"wp-image-36730\" srcset=\"https:\/\/armstrongyregion.com.ar\/diario\/wp-content\/uploads\/2022\/11\/sida.jpg 570w, https:\/\/armstrongyregion.com.ar\/diario\/wp-content\/uploads\/2022\/11\/sida-300x168.jpg 300w\" sizes=\"auto, (max-width: 570px) 100vw, 570px\" \/><\/a><\/figure>\n\n\n\n<h2 class=\"wp-block-heading\">Como todos los 1 de diciembre, se profundizar\u00e1n las acciones de concientizaci\u00f3n y testeo. Se habilitar\u00e1n m\u00e1s m\u00e9todos de \u201cprevenci\u00f3n combinada\u201d.<\/h2>\n\n\n\n<p>En el marco del D\u00eda Mundial de la lucha contra el SIDA, que se conmemora cada 1 de diciembre, la provincia, a trav\u00e9s del programa de VIH del Ministerio de Salud, realizar\u00e1 actividades de testeo, concientizaci\u00f3n e informar\u00e1 sobre el acceso a nuevas estrategias preventivas que se habilitar\u00e1n en el sistema p\u00fablico, consistentes en t\u00e9cnicas y m\u00e9todos de \u201cprevenci\u00f3n combinada\u201d.<\/p>\n\n\n\n<p>Al respecto, el jefe del programa VIH, TBC y ETS, Gerardo Perafan, explic\u00f3 que \u201cel ONUSIDA define la prevenci\u00f3n combinada de la infecci\u00f3n por el VIH como el conjunto de programas comunitarios fundamentados en los derechos y la evidencia que promueve una combinaci\u00f3n de intervenciones biom\u00e9dicas, comportamentales y estructurales; dise\u00f1adas con el prop\u00f3sito de satisfacer las necesidades de prevenci\u00f3n de la infecci\u00f3n por el VIH de personas y comunidades espec\u00edficas\u201d.<\/p>\n\n\n\n<p>Para ello, \u201cla provincia, en congruencia con lo que propone Naci\u00f3n, comenz\u00f3 una experiencia piloto, un centro de prevenci\u00f3n con el hospital Centenario de Rosario que funciona los mi\u00e9rcoles y jueves de 12 a 14 horas, donde se avanzar\u00e1 en la implementaci\u00f3n de esta estrategia, y se incorpora a las personas que est\u00e1n en riesgo de vivir con el virus del VIH. Adem\u00e1s de todo lo disponible, lleg\u00f3 a la provincia el PrEP y el PEP para incrementar la prevenci\u00f3n\u201d, destac\u00f3 Peraf\u00e1n. Gradualmente, esta experiencia se extender\u00e1 en todo el territorio provincial.<\/p>\n\n\n\n<p>Seg\u00fan la OPS\/OMS, el PrEP (profilaxis prexposici\u00f3n por sus siglas en ingles ), incluye medicamentos que reducen las posibilidades de contraer el VIH a trav\u00e9s de las relaciones sexuales, en hombres y las mujeres que presentan un riesgo considerable de contraer el VIH; en situaci\u00f3n de vulnerabilidad y otras.<\/p>\n\n\n\n<p>Cuando se toman seg\u00fan las indicaciones, los medicamentos de la PrEP son altamente eficaces para prevenir la infecci\u00f3n por el VIH.<\/p>\n\n\n\n<p>La PEP (profilaxis posterior a la exposici\u00f3n, por sus siglas en ingl\u00e9s) est\u00e1 recomendada por la OPS\/OMS, incluso, para todos los tipos de exposici\u00f3n y todos los grupos de la poblaci\u00f3n, incluidos los adultos, los adolescentes y los ni\u00f1os.<\/p>\n\n\n\n<p>La profilaxis posterior a la exposici\u00f3n (PEP) es la \u00fanica manera de disminuir el riesgo de contraer la infecci\u00f3n por VIH en las personas que se han expuesto al virus, como parte integrante de la estrategia general de prevenci\u00f3n, mediante la utilizaci\u00f3n a corto plazo de los antirretrovirales con el fin de reducir la probabilidad de contraer el VIH despu\u00e9s de una posible exposici\u00f3n, ya sea de tipo ocupacional (por un accidente relacionado con el trabajo) o durante relaciones sexuales sin protecci\u00f3n, violaci\u00f3n, abuso o el uso de materiales de inyecci\u00f3n contaminados.<\/p>\n\n\n\n<p><strong>COBERTURA UNIVERSAL<\/strong><\/p>\n\n\n\n<p>En otro orden, Perafan se\u00f1al\u00f3 que \u201cen este momento la provincia est\u00e1 prestando asistencia, conteniendo y entregando mediaci\u00f3n a 5200 personas que conviven con VIH mediante la red de efectores p\u00fablicos de salud\u201d.<\/p>\n\n\n\n<p>Asimismo, que \u201cen lo que va del a\u00f1o hemos entregado tratamientos y cobertura a 1100 personas que tienen obra social, pero que por distintos motivos esta se los niega. No obstante, el Estado provincial debe garantizar su acceso independientemente de ello\u201d, destac\u00f3.<\/p>\n\n\n\n<p><strong>ACTIVIDADES<\/strong><\/p>\n\n\n\n<p>Finalmente, el responsable del programa de VIH indic\u00f3 los lugares espec\u00edficos y localidades en donde se har\u00e1n testeos gratuitos, voluntarios y confidenciales.<\/p>\n\n\n\n<p>&gt;&gt; San Lorenzo: Jueves 1 de diciembre en el Paseo del Pino, Av. San Mart\u00edn 1600, de 10 a 12hs.<\/p>\n\n\n\n<p>&gt;&gt; Ricardone: Jueves 1 de diciembre en el Centro de Salud \u201cSan Juan Bautista\u201d de 8 a 11hs.<\/p>\n\n\n\n<p>&gt;&gt; Esperanza: Jueves 1 de diciembre en el Centro de Salud Barrio Unidos de 9 a 12:30.<\/p>\n\n\n\n<p>&gt;&gt; Santa Fe: Jueves 1 de diciembre en la cabecera del Puente Colgante de 18 a 20:30. Martes 6 de diciembre: en el Centro de Salud Barrio Los Troncos de 9 a 12:30. Mi\u00e9rcoles 7 de diciembre en el Centro de Salud Barrio La Orilla de 9 a 12.30hs.<\/p>\n","protected":false},"excerpt":{"rendered":"<p>Como todos los 1 de diciembre, se profundizar\u00e1n las acciones de concientizaci\u00f3n y testeo. Se habilitar\u00e1n m\u00e1s m\u00e9todos de \u201cprevenci\u00f3n combinada\u201d. En el marco del D\u00eda Mundial de la lucha contra el SIDA, que se conmemora cada 1 de diciembre, la provincia, a trav\u00e9s del programa de VIH del Ministerio de Salud, realizar\u00e1 actividades de <a href=\"https:\/\/armstrongyregion.com.ar\/diario\/la-provincia-conmemora-el-dia-mundial-de-la-lucha-contra-el-sida\/\" title=\"Read more\" >&#8230;<\/a><\/p>\n","protected":false},"author":1,"featured_media":36730,"comment_status":"open","ping_status":"open","sticky":false,"template":"","format":"image","meta":{"_jetpack_memberships_contains_paid_content":false,"footnotes":"","jetpack_publicize_message":"","jetpack_publicize_feature_enabled":true,"jetpack_social_post_already_shared":true,"jetpack_social_options":{"image_generator_settings":{"template":"highway","default_image_id":0,"enabled":false},"version":2}},"categories":[8,1,2,7,4,3],"tags":[1161,19,8609,16,8707,31,1888,1890],"class_list":["post-36729","post","type-post","status-publish","format-image","has-post-thumbnail","hentry","category-deliberando","category-diario-armstrong","category-locales","category-politica","category-prevencion-salud","category-region","tag-contra","tag-de","tag-dia-2","tag-el","tag-hiv","tag-la","tag-lucha","tag-mundial","post_format-post-format-image"],"jetpack_publicize_connections":[],"jetpack_featured_media_url":"https:\/\/armstrongyregion.com.ar\/diario\/wp-content\/uploads\/2022\/11\/sida.jpg","jetpack_shortlink":"https:\/\/wp.me\/p62QDO-9yp","jetpack_sharing_enabled":true,"amp_enabled":true,"_links":{"self":[{"href":"https:\/\/armstrongyregion.com.ar\/diario\/wp-json\/wp\/v2\/posts\/36729","targetHints":{"allow":["GET"]}}],"collection":[{"href":"https:\/\/armstrongyregion.com.ar\/diario\/wp-json\/wp\/v2\/posts"}],"about":[{"href":"https:\/\/armstrongyregion.com.ar\/diario\/wp-json\/wp\/v2\/types\/post"}],"author":[{"embeddable":true,"href":"https:\/\/armstrongyregion.com.ar\/diario\/wp-json\/wp\/v2\/users\/1"}],"replies":[{"embeddable":true,"href":"https:\/\/armstrongyregion.com.ar\/diario\/wp-json\/wp\/v2\/comments?post=36729"}],"version-history":[{"count":2,"href":"https:\/\/armstrongyregion.com.ar\/diario\/wp-json\/wp\/v2\/posts\/36729\/revisions"}],"predecessor-version":[{"id":36732,"href":"https:\/\/armstrongyregion.com.ar\/diario\/wp-json\/wp\/v2\/posts\/36729\/revisions\/36732"}],"wp:featuredmedia":[{"embeddable":true,"href":"https:\/\/armstrongyregion.com.ar\/diario\/wp-json\/wp\/v2\/media\/36730"}],"wp:attachment":[{"href":"https:\/\/armstrongyregion.com.ar\/diario\/wp-json\/wp\/v2\/media?parent=36729"}],"wp:term":[{"taxonomy":"category","embeddable":true,"href":"https:\/\/armstrongyregion.com.ar\/diario\/wp-json\/wp\/v2\/categories?post=36729"},{"taxonomy":"post_tag","embeddable":true,"href":"https:\/\/armstrongyregion.com.ar\/diario\/wp-json\/wp\/v2\/tags?post=36729"}],"curies":[{"name":"wp","href":"https:\/\/api.w.org\/{rel}","templated":true}]}}