{"id":36726,"date":"2022-11-30T15:02:26","date_gmt":"2022-11-30T15:02:26","guid":{"rendered":"https:\/\/armstrongyregion.com.ar\/diario\/?p=36726"},"modified":"2022-11-30T15:02:30","modified_gmt":"2022-11-30T15:02:30","slug":"canada-de-gomez-encuentro-de-educacion-en-auditorio-santa-cecilia","status":"publish","type":"post","link":"https:\/\/armstrongyregion.com.ar\/diario\/canada-de-gomez-encuentro-de-educacion-en-auditorio-santa-cecilia\/","title":{"rendered":"Ca\u00f1ada de G\u00f3mez. Encuentro de Educaci\u00f3n en Auditorio Santa Cecilia."},"content":{"rendered":"\n<figure class=\"wp-block-image size-full\"><a href=\"http:\/\/armstrongyregion.com.ar\/diario\/wp-content\/uploads\/2022\/11\/santa-cecilia-.jpg\"><img loading=\"lazy\" decoding=\"async\" width=\"400\" height=\"300\" src=\"http:\/\/armstrongyregion.com.ar\/diario\/wp-content\/uploads\/2022\/11\/santa-cecilia-.jpg\" alt=\"\" class=\"wp-image-36727\" srcset=\"https:\/\/armstrongyregion.com.ar\/diario\/wp-content\/uploads\/2022\/11\/santa-cecilia-.jpg 400w, https:\/\/armstrongyregion.com.ar\/diario\/wp-content\/uploads\/2022\/11\/santa-cecilia--300x225.jpg 300w\" sizes=\"auto, (max-width: 400px) 100vw, 400px\" \/><\/a><\/figure>\n\n\n\n<p><strong>Con la presencia de Adriana Cantero, participaron m\u00e1s de 250 directivos y supervisores. Cl\u00e9rici destac\u00f3 que se contin\u00fae eligiendo al municipio para estos espacios de di\u00e1logo y renov\u00f3 gestiones ante la ministra, en materia de obras de infraestructura escolar.<\/strong><\/p>\n\n\n\n<p>El municipio cedi\u00f3 las instalaciones del Auditorio Santa Cecilia para la realizaci\u00f3n de un encuentro convocado por el Ministerio de Educaci\u00f3n de Santa Fe, que congreg\u00f3 a m\u00e1s de 250 directivos y supervisores de la Regi\u00f3n V. Bajo la consigna \u201cLa escuela como centralidad\u201d, la actividad estuvo encabezada por la ministra de Educaci\u00f3n y su equipo. En tanto, la intendenta Stella Cl\u00e9rici brind\u00f3 la bienvenida a los asistentes.<\/p>\n\n\n\n<p>\u201cContinuamos ofreciendo los recursos municipales, para posibilitar estos espacios de intercambio, de charla y fortalecimiento\u201d, destac\u00f3 la intendenta y a\u00f1adi\u00f3: \u201cCerramos el a\u00f1o con muchas obras en marcha. Aprovechamos la oportunidad de contar con la presencia de la ministra y su equipo de trabajo. para intensificar gestiones destinadas a fortalecer nuestra infraestructura escolar\u201d.<\/p>\n","protected":false},"excerpt":{"rendered":"<p>Con la presencia de Adriana Cantero, participaron m\u00e1s de 250 directivos y supervisores. Cl\u00e9rici destac\u00f3 que se contin\u00fae eligiendo al municipio para estos espacios de di\u00e1logo y renov\u00f3 gestiones ante la ministra, en materia de obras de infraestructura escolar. El municipio cedi\u00f3 las instalaciones del Auditorio Santa Cecilia para la realizaci\u00f3n de un encuentro convocado <a href=\"https:\/\/armstrongyregion.com.ar\/diario\/canada-de-gomez-encuentro-de-educacion-en-auditorio-santa-cecilia\/\" title=\"Read more\" >&#8230;<\/a><\/p>\n","protected":false},"author":1,"featured_media":36727,"comment_status":"open","ping_status":"open","sticky":false,"template":"","format":"image","meta":{"_jetpack_memberships_contains_paid_content":false,"footnotes":"","jetpack_publicize_message":"","jetpack_publicize_feature_enabled":true,"jetpack_social_post_already_shared":true,"jetpack_social_options":{"image_generator_settings":{"template":"highway","default_image_id":0,"enabled":false},"version":2}},"categories":[8,1,2,7,3],"tags":[8705,1559,19,8618,63,399],"class_list":["post-36726","post","type-post","status-publish","format-image","has-post-thumbnail","hentry","category-deliberando","category-diario-armstrong","category-locales","category-politica","category-region","tag-auditorio","tag-cecilia","tag-de","tag-educacion-2","tag-encuentro","tag-santa","post_format-post-format-image"],"jetpack_publicize_connections":[],"jetpack_featured_media_url":"https:\/\/armstrongyregion.com.ar\/diario\/wp-content\/uploads\/2022\/11\/santa-cecilia-.jpg","jetpack_shortlink":"https:\/\/wp.me\/p62QDO-9ym","jetpack_sharing_enabled":true,"amp_enabled":true,"_links":{"self":[{"href":"https:\/\/armstrongyregion.com.ar\/diario\/wp-json\/wp\/v2\/posts\/36726","targetHints":{"allow":["GET"]}}],"collection":[{"href":"https:\/\/armstrongyregion.com.ar\/diario\/wp-json\/wp\/v2\/posts"}],"about":[{"href":"https:\/\/armstrongyregion.com.ar\/diario\/wp-json\/wp\/v2\/types\/post"}],"author":[{"embeddable":true,"href":"https:\/\/armstrongyregion.com.ar\/diario\/wp-json\/wp\/v2\/users\/1"}],"replies":[{"embeddable":true,"href":"https:\/\/armstrongyregion.com.ar\/diario\/wp-json\/wp\/v2\/comments?post=36726"}],"version-history":[{"count":1,"href":"https:\/\/armstrongyregion.com.ar\/diario\/wp-json\/wp\/v2\/posts\/36726\/revisions"}],"predecessor-version":[{"id":36728,"href":"https:\/\/armstrongyregion.com.ar\/diario\/wp-json\/wp\/v2\/posts\/36726\/revisions\/36728"}],"wp:featuredmedia":[{"embeddable":true,"href":"https:\/\/armstrongyregion.com.ar\/diario\/wp-json\/wp\/v2\/media\/36727"}],"wp:attachment":[{"href":"https:\/\/armstrongyregion.com.ar\/diario\/wp-json\/wp\/v2\/media?parent=36726"}],"wp:term":[{"taxonomy":"category","embeddable":true,"href":"https:\/\/armstrongyregion.com.ar\/diario\/wp-json\/wp\/v2\/categories?post=36726"},{"taxonomy":"post_tag","embeddable":true,"href":"https:\/\/armstrongyregion.com.ar\/diario\/wp-json\/wp\/v2\/tags?post=36726"}],"curies":[{"name":"wp","href":"https:\/\/api.w.org\/{rel}","templated":true}]}}