{"id":36717,"date":"2022-11-30T12:21:52","date_gmt":"2022-11-30T12:21:52","guid":{"rendered":"https:\/\/armstrongyregion.com.ar\/diario\/?p=36717"},"modified":"2022-11-30T12:30:39","modified_gmt":"2022-11-30T12:30:39","slug":"gerardo-pavicic-presento-una-nueva-vecinal-unidad-armstronense","status":"publish","type":"post","link":"https:\/\/armstrongyregion.com.ar\/diario\/gerardo-pavicic-presento-una-nueva-vecinal-unidad-armstronense\/","title":{"rendered":"Gerardo Pavicic present\u00f3 una nueva vecinal \u00abUnidad Armstronense\u00bb"},"content":{"rendered":"\n<figure class=\"wp-block-image size-full\"><a href=\"http:\/\/armstrongyregion.com.ar\/diario\/wp-content\/uploads\/2015\/10\/Gerardo-Pavicic..jpg\"><img loading=\"lazy\" decoding=\"async\" width=\"768\" height=\"512\" src=\"http:\/\/armstrongyregion.com.ar\/diario\/wp-content\/uploads\/2015\/10\/Gerardo-Pavicic..jpg\" alt=\"Gerardo Pavicic.\" class=\"wp-image-4639\" srcset=\"https:\/\/armstrongyregion.com.ar\/diario\/wp-content\/uploads\/2015\/10\/Gerardo-Pavicic..jpg 768w, https:\/\/armstrongyregion.com.ar\/diario\/wp-content\/uploads\/2015\/10\/Gerardo-Pavicic.-300x200.jpg 300w\" sizes=\"auto, (max-width: 768px) 100vw, 768px\" \/><\/a><\/figure>\n\n\n\n<p>\u00abLa idea es que trabajemos todos juntos, tenemos empresas, profesionales y muchos ciudadanos, pensamos en nuestra ciudad y tenemos el acompa\u00f1amiento de mucha gente que quiere que esto cambie y se hagan las cosas bien\u00bb coment\u00f3 Gerardo Pavicic, qui\u00e9n present\u00f3 un nueva vecinal denominada \u00abUnidad Armstronense\u00bb<\/p>\n\n\n\n<figure class=\"wp-block-embed is-type-video is-provider-youtube wp-block-embed-youtube wp-embed-aspect-4-3 wp-has-aspect-ratio\"><div class=\"wp-block-embed__wrapper\">\n<iframe loading=\"lazy\" title=\"Pol\u00edtica: Gerardo Pavicic present\u00f3 un nueva vecinal denominada &quot;Unidad Armstronense&quot;\" width=\"800\" height=\"600\" src=\"https:\/\/www.youtube.com\/embed\/IqoVyePT8r4?feature=oembed\" frameborder=\"0\" allow=\"accelerometer; autoplay; clipboard-write; encrypted-media; gyroscope; picture-in-picture\" allowfullscreen><\/iframe>\n<\/div><\/figure>\n\n\n\n<p>Fuente: Cable Imagen Armstrong. <\/p>\n","protected":false},"excerpt":{"rendered":"<p>\u00abLa idea es que trabajemos todos juntos, tenemos empresas, profesionales y muchos ciudadanos, pensamos en nuestra ciudad y tenemos el acompa\u00f1amiento de mucha gente que quiere que esto cambie y se hagan las cosas bien\u00bb coment\u00f3 Gerardo Pavicic, qui\u00e9n present\u00f3 un nueva vecinal denominada \u00abUnidad Armstronense\u00bb Fuente: Cable Imagen Armstrong.<\/p>\n","protected":false},"author":1,"featured_media":35777,"comment_status":"open","ping_status":"open","sticky":false,"template":"","format":"image","meta":{"_jetpack_memberships_contains_paid_content":false,"footnotes":"","jetpack_publicize_message":"","jetpack_publicize_feature_enabled":true,"jetpack_social_post_already_shared":true,"jetpack_social_options":{"image_generator_settings":{"template":"highway","default_image_id":0,"enabled":false},"version":2}},"categories":[8,1,2,7],"tags":[1084,275,1085,25,103,8604],"class_list":["post-36717","post","type-post","status-publish","format-image","has-post-thumbnail","hentry","category-deliberando","category-diario-armstrong","category-locales","category-politica","tag-gerardo","tag-nueva","tag-pavicic","tag-presento","tag-una","tag-vecinal-2","post_format-post-format-image"],"jetpack_publicize_connections":[],"jetpack_featured_media_url":"https:\/\/armstrongyregion.com.ar\/diario\/wp-content\/uploads\/2022\/09\/Gera-pavicic-.jpg","jetpack_shortlink":"https:\/\/wp.me\/p62QDO-9yd","jetpack_sharing_enabled":true,"amp_enabled":true,"_links":{"self":[{"href":"https:\/\/armstrongyregion.com.ar\/diario\/wp-json\/wp\/v2\/posts\/36717","targetHints":{"allow":["GET"]}}],"collection":[{"href":"https:\/\/armstrongyregion.com.ar\/diario\/wp-json\/wp\/v2\/posts"}],"about":[{"href":"https:\/\/armstrongyregion.com.ar\/diario\/wp-json\/wp\/v2\/types\/post"}],"author":[{"embeddable":true,"href":"https:\/\/armstrongyregion.com.ar\/diario\/wp-json\/wp\/v2\/users\/1"}],"replies":[{"embeddable":true,"href":"https:\/\/armstrongyregion.com.ar\/diario\/wp-json\/wp\/v2\/comments?post=36717"}],"version-history":[{"count":1,"href":"https:\/\/armstrongyregion.com.ar\/diario\/wp-json\/wp\/v2\/posts\/36717\/revisions"}],"predecessor-version":[{"id":36718,"href":"https:\/\/armstrongyregion.com.ar\/diario\/wp-json\/wp\/v2\/posts\/36717\/revisions\/36718"}],"wp:featuredmedia":[{"embeddable":true,"href":"https:\/\/armstrongyregion.com.ar\/diario\/wp-json\/wp\/v2\/media\/35777"}],"wp:attachment":[{"href":"https:\/\/armstrongyregion.com.ar\/diario\/wp-json\/wp\/v2\/media?parent=36717"}],"wp:term":[{"taxonomy":"category","embeddable":true,"href":"https:\/\/armstrongyregion.com.ar\/diario\/wp-json\/wp\/v2\/categories?post=36717"},{"taxonomy":"post_tag","embeddable":true,"href":"https:\/\/armstrongyregion.com.ar\/diario\/wp-json\/wp\/v2\/tags?post=36717"}],"curies":[{"name":"wp","href":"https:\/\/api.w.org\/{rel}","templated":true}]}}