{"id":36710,"date":"2022-11-30T12:16:06","date_gmt":"2022-11-30T12:16:06","guid":{"rendered":"https:\/\/armstrongyregion.com.ar\/diario\/?p=36710"},"modified":"2022-11-30T12:16:11","modified_gmt":"2022-11-30T12:16:11","slug":"el-3-de-diciembre-comienza-a-funcionar-el-tren-expreso-retiro-rosario","status":"publish","type":"post","link":"https:\/\/armstrongyregion.com.ar\/diario\/el-3-de-diciembre-comienza-a-funcionar-el-tren-expreso-retiro-rosario\/","title":{"rendered":"El 3 de diciembre comienza a funcionar el tren expreso Retiro- Rosario."},"content":{"rendered":"\n<figure class=\"wp-block-image size-full\"><a href=\"http:\/\/armstrongyregion.com.ar\/diario\/wp-content\/uploads\/2022\/11\/expreso-2-.jpg\"><img loading=\"lazy\" decoding=\"async\" width=\"720\" height=\"480\" src=\"http:\/\/armstrongyregion.com.ar\/diario\/wp-content\/uploads\/2022\/11\/expreso-2-.jpg\" alt=\"\" class=\"wp-image-36711\" srcset=\"https:\/\/armstrongyregion.com.ar\/diario\/wp-content\/uploads\/2022\/11\/expreso-2-.jpg 720w, https:\/\/armstrongyregion.com.ar\/diario\/wp-content\/uploads\/2022\/11\/expreso-2--300x200.jpg 300w\" sizes=\"auto, (max-width: 720px) 100vw, 720px\" \/><\/a><\/figure>\n\n\n\n<p>El presidente de Trenes Argentinos, Mart\u00edn Marinucci\u00a0 conjuntamente con la Directora de Trenes Argentinos, Eliana Gramigna y el Secretario de Transporte de la Naci\u00f3n, Diego Giuliano, estuvieron presentes en la Estaci\u00f3n Rosario Norte para anunciar un nuevo servicio de frecuencia expr\u00e9s que saldr\u00e1 los fines de semana desde la estaci\u00f3n de trenes de Retiro y llegar\u00e1 hasta Rosario Sur en 4:58 hs.<\/p>\n\n\n\n<figure class=\"wp-block-image size-full\"><a href=\"http:\/\/armstrongyregion.com.ar\/diario\/wp-content\/uploads\/2022\/11\/expreso-1-.jpg\"><img loading=\"lazy\" decoding=\"async\" width=\"720\" height=\"480\" src=\"http:\/\/armstrongyregion.com.ar\/diario\/wp-content\/uploads\/2022\/11\/expreso-1-.jpg\" alt=\"\" class=\"wp-image-36712\" srcset=\"https:\/\/armstrongyregion.com.ar\/diario\/wp-content\/uploads\/2022\/11\/expreso-1-.jpg 720w, https:\/\/armstrongyregion.com.ar\/diario\/wp-content\/uploads\/2022\/11\/expreso-1--300x200.jpg 300w\" sizes=\"auto, (max-width: 720px) 100vw, 720px\" \/><\/a><\/figure>\n\n\n\n<p>El expreso comenzar\u00e1 a funcionar desde el s\u00e1bado 3 de diciembre, partiendo de la terminal porte\u00f1a los s\u00e1bados a las 6:12 y retornando los domingos a las 16:26. El recorrido, pensado para incentivar el turismo hacia la ciudad santafesina, demorar\u00e1 menos de cinco horas a Rosario Sur.<\/p>\n\n\n\n<figure class=\"wp-block-image size-full\"><a href=\"http:\/\/armstrongyregion.com.ar\/diario\/wp-content\/uploads\/2022\/11\/expreso-3-.jpg\"><img loading=\"lazy\" decoding=\"async\" width=\"360\" height=\"240\" src=\"http:\/\/armstrongyregion.com.ar\/diario\/wp-content\/uploads\/2022\/11\/expreso-3-.jpg\" alt=\"\" class=\"wp-image-36713\" srcset=\"https:\/\/armstrongyregion.com.ar\/diario\/wp-content\/uploads\/2022\/11\/expreso-3-.jpg 360w, https:\/\/armstrongyregion.com.ar\/diario\/wp-content\/uploads\/2022\/11\/expreso-3--300x200.jpg 300w\" sizes=\"auto, (max-width: 360px) 100vw, 360px\" \/><\/a><\/figure>\n\n\n\n<p>\u00abCuando comenzamos nuestra gesti\u00f3n, el tren Rosario Buenos Aires tardaba 8 horas con 20 minutos\u00a0 y, en este momento, estamos inaugurando un servicio expreso de 4 horas con 58 minutos, entre Retiro y Rosario Sur, los fines de semana. Esto va a fomentar el turismo y el v\u00ednculo con la ciudad de Rosario\u00bb, expres\u00f3 el secretario de Transporte.<\/p>\n\n\n\n<figure class=\"wp-block-image size-full\"><a href=\"http:\/\/armstrongyregion.com.ar\/diario\/wp-content\/uploads\/2022\/11\/expreso-4-.jpg\"><img loading=\"lazy\" decoding=\"async\" width=\"360\" height=\"240\" src=\"http:\/\/armstrongyregion.com.ar\/diario\/wp-content\/uploads\/2022\/11\/expreso-4-.jpg\" alt=\"\" class=\"wp-image-36714\" srcset=\"https:\/\/armstrongyregion.com.ar\/diario\/wp-content\/uploads\/2022\/11\/expreso-4-.jpg 360w, https:\/\/armstrongyregion.com.ar\/diario\/wp-content\/uploads\/2022\/11\/expreso-4--300x200.jpg 300w\" sizes=\"auto, (max-width: 360px) 100vw, 360px\" \/><\/a><\/figure>\n\n\n\n<p>Asimismo se destac\u00f3 que ya se han recuperado en el pa\u00eds 17 ramales y se han intervenido 1800 kil\u00f3metros de v\u00edas, lo cual significa una inversi\u00f3n muy alta en el sector ferroviario.<\/p>\n\n\n\n<p>Por su parte, Marinucci destac\u00f3 la importancia del nuevo servicio de cara a \u00abvolver a tener m\u00e1s frecuencias que vinculen la ciudad de Buenos Aires con Rosario\u00bb y manifest\u00f3 que han logrado \u00abbajar m\u00e1s de dos horas el servicio que tenemos diariamente entre Buenos Aires y Rosario\u00bb. Dicho servicio parte a las 19:30 desde Buenos Aires, mientras que desde la localidad santafesina lo hace a las 2:48.<\/p>\n\n\n\n<p>Del evento tambi\u00e9n participaron el gerente General Operativo de Trenes Argentinos, Marcelo S\u00e1nchez; el gerente L\u00ednea Mitre, Sebasti\u00e1n Giorgetti; la diputada Nacional Vanesa Massetani y el Intendente de Rosario Pablo Javkin.<\/p>\n\n\n\n<p>Luego del anuncio mantuvieron una reuni\u00f3n de trabajo con los intendentes zonales en la cual hicieron un balance del tren de cercan\u00eda Rosario-Ca\u00f1ada de G\u00f3mez.<\/p>\n\n\n\n<p>All\u00ed estuvieron presentes Pablo Javkin (Intendente Rosario), Miguel V\u00e1quez (Intendente Carcara\u00f1\u00e1), Martin Papino (Secretario de Gobierno de Funes), Daniel Escalante (Intendente Rold\u00e1n), Horacio Ciancio (Intendente San Jer\u00f3nimo Sur), Nahuel Cejas (Pte. Comunal Correa), Lisandro Cavatorta (Concejal Rosario) y Marcelo Casalegno (Presidente del Concejo de Ca\u00f1ada de G\u00f3mez).<\/p>\n","protected":false},"excerpt":{"rendered":"<p>El presidente de Trenes Argentinos, Mart\u00edn Marinucci\u00a0 conjuntamente con la Directora de Trenes Argentinos, Eliana Gramigna y el Secretario de Transporte de la Naci\u00f3n, Diego Giuliano, estuvieron presentes en la Estaci\u00f3n Rosario Norte para anunciar un nuevo servicio de frecuencia expr\u00e9s que saldr\u00e1 los fines de semana desde la estaci\u00f3n de trenes de Retiro y <a href=\"https:\/\/armstrongyregion.com.ar\/diario\/el-3-de-diciembre-comienza-a-funcionar-el-tren-expreso-retiro-rosario\/\" title=\"Read more\" >&#8230;<\/a><\/p>\n","protected":false},"author":1,"featured_media":36714,"comment_status":"open","ping_status":"open","sticky":false,"template":"","format":"image","meta":{"_jetpack_memberships_contains_paid_content":false,"footnotes":"","jetpack_publicize_message":"","jetpack_publicize_feature_enabled":true,"jetpack_social_post_already_shared":true,"jetpack_social_options":{"image_generator_settings":{"template":"highway","default_image_id":0,"enabled":false},"version":2}},"categories":[6,8,1,2,7,3],"tags":[33,1299,8702,8701,8703,8588,3136],"class_list":["post-36710","post","type-post","status-publish","format-image","has-post-thumbnail","hentry","category-cultura-entretenimiento","category-deliberando","category-diario-armstrong","category-locales","category-politica","category-region","tag-a","tag-comienza","tag-expreso-2","tag-funcionar","tag-retiro","tag-rosario-2","tag-tren","post_format-post-format-image"],"jetpack_publicize_connections":[],"jetpack_featured_media_url":"https:\/\/armstrongyregion.com.ar\/diario\/wp-content\/uploads\/2022\/11\/expreso-4-.jpg","jetpack_shortlink":"https:\/\/wp.me\/p62QDO-9y6","jetpack_sharing_enabled":true,"amp_enabled":true,"_links":{"self":[{"href":"https:\/\/armstrongyregion.com.ar\/diario\/wp-json\/wp\/v2\/posts\/36710","targetHints":{"allow":["GET"]}}],"collection":[{"href":"https:\/\/armstrongyregion.com.ar\/diario\/wp-json\/wp\/v2\/posts"}],"about":[{"href":"https:\/\/armstrongyregion.com.ar\/diario\/wp-json\/wp\/v2\/types\/post"}],"author":[{"embeddable":true,"href":"https:\/\/armstrongyregion.com.ar\/diario\/wp-json\/wp\/v2\/users\/1"}],"replies":[{"embeddable":true,"href":"https:\/\/armstrongyregion.com.ar\/diario\/wp-json\/wp\/v2\/comments?post=36710"}],"version-history":[{"count":2,"href":"https:\/\/armstrongyregion.com.ar\/diario\/wp-json\/wp\/v2\/posts\/36710\/revisions"}],"predecessor-version":[{"id":36716,"href":"https:\/\/armstrongyregion.com.ar\/diario\/wp-json\/wp\/v2\/posts\/36710\/revisions\/36716"}],"wp:featuredmedia":[{"embeddable":true,"href":"https:\/\/armstrongyregion.com.ar\/diario\/wp-json\/wp\/v2\/media\/36714"}],"wp:attachment":[{"href":"https:\/\/armstrongyregion.com.ar\/diario\/wp-json\/wp\/v2\/media?parent=36710"}],"wp:term":[{"taxonomy":"category","embeddable":true,"href":"https:\/\/armstrongyregion.com.ar\/diario\/wp-json\/wp\/v2\/categories?post=36710"},{"taxonomy":"post_tag","embeddable":true,"href":"https:\/\/armstrongyregion.com.ar\/diario\/wp-json\/wp\/v2\/tags?post=36710"}],"curies":[{"name":"wp","href":"https:\/\/api.w.org\/{rel}","templated":true}]}}