{"id":36684,"date":"2022-11-28T21:59:11","date_gmt":"2022-11-28T21:59:11","guid":{"rendered":"https:\/\/armstrongyregion.com.ar\/diario\/?p=36684"},"modified":"2022-11-28T21:59:12","modified_gmt":"2022-11-28T21:59:12","slug":"armstrong-ciudades-educadoras-propuso-alegria-y-libertad","status":"publish","type":"post","link":"https:\/\/armstrongyregion.com.ar\/diario\/armstrong-ciudades-educadoras-propuso-alegria-y-libertad\/","title":{"rendered":"Armstrong. Ciudades Educadoras propuso alegr\u00eda y libertad."},"content":{"rendered":"\n<figure class=\"wp-block-image size-full\"><a href=\"http:\/\/armstrongyregion.com.ar\/diario\/wp-content\/uploads\/2022\/11\/c.educ_..jpg\"><img loading=\"lazy\" decoding=\"async\" width=\"675\" height=\"450\" src=\"http:\/\/armstrongyregion.com.ar\/diario\/wp-content\/uploads\/2022\/11\/c.educ_..jpg\" alt=\"\" class=\"wp-image-36685\" srcset=\"https:\/\/armstrongyregion.com.ar\/diario\/wp-content\/uploads\/2022\/11\/c.educ_..jpg 675w, https:\/\/armstrongyregion.com.ar\/diario\/wp-content\/uploads\/2022\/11\/c.educ_.-300x200.jpg 300w\" sizes=\"auto, (max-width: 675px) 100vw, 675px\" \/><\/a><\/figure>\n\n\n\n<p>En la tarde del jueves 24 de noviembre en el parque Bracito Fuerte, aproximadamente 500 ni\u00f1os de la ciudad se dieron cita para vivir una tarde celebrando el d\u00eda de Ciudades Educadoras, respirando alegr\u00eda y libertad.<\/p>\n\n\n\n<figure class=\"wp-block-image\"><img decoding=\"async\" src=\"https:\/\/www.armstrong.gov.ar\/2020\/images\/ce2.jpg\" alt=\"ce2\"\/><\/figure>\n\n\n\n<p>Con la participaci\u00f3n de alumnos, docentes y directivos de los jardines de infantes N\u00b0 84 y N\u00b0 33, y 3\u00b0 grado de las escuelas N\u00b0 600, N\u00b0 262 y N\u00b0 33, se desarrollaron diversas actividades con el objetivo de promover la paz, la convivencia, la solidaridad y la inclusi\u00f3n en nuestro espacio de cercan\u00eda, entre otros.<\/p>\n\n\n\n<figure class=\"wp-block-image\"><img decoding=\"async\" src=\"https:\/\/www.armstrong.gov.ar\/2020\/images\/CE_3.jpg\" alt=\"CE 3\"\/><\/figure>\n\n\n\n<p>El Intendente Dr. Pablo Verdecchia y autoridades de las instituciones participantes dieron lectura a algunos de los principios de la Carta de Ciudades Educadoras, los cuales abarcan temas referidos al derecho a la ciudadan\u00eda educadora, el compromiso de la ciudad y el servicio integral de las personas.<\/p>\n\n\n\n<figure class=\"wp-block-image\"><img decoding=\"async\" src=\"https:\/\/www.armstrong.gov.ar\/2020\/images\/CE_4.jpg\" alt=\"CE 4\"\/><\/figure>\n\n\n\n<p>La Biblioteca Popular Sarmiento present\u00f3 su \u201cCalle de Libros\u201d, donde grandes y chicos pudieron elegir ejemplares de cuentos infantiles y novelas, y un espacio donde se le\u00edan fragmentos de algunos libros.<\/p>\n\n\n\n<figure class=\"wp-block-image\"><img decoding=\"async\" src=\"https:\/\/www.armstrong.gov.ar\/2020\/images\/CE_5.jpg\" alt=\"CE 5\"\/><\/figure>\n\n\n\n<p>Los alumnos de las salas de 5 a\u00f1os de los jardines de infantes dejaron sus manos plasmadas en una placa y quienes as\u00ed lo decidieron, colocaron sobres planos de la ciudad de Armstrong un sello con la palabra PAZ.<\/p>\n\n\n\n<figure class=\"wp-block-image\"><img decoding=\"async\" src=\"https:\/\/www.armstrong.gov.ar\/2020\/images\/ce_6.jpg\" alt=\"ce 6\"\/><\/figure>\n\n\n\n<p>Franco Esp\u00edndola de Vivero Manos Verdes, junto a Brenda Carmona, llevaron adelante un taller sobre el armado de bombas de semillas para que los ni\u00f1os decidan d\u00f3nde sembrar, semillas de paz, de alegr\u00eda, de amistad.<\/p>\n\n\n\n<figure class=\"wp-block-image\"><img decoding=\"async\" src=\"https:\/\/www.armstrong.gov.ar\/2020\/images\/ce_7.jpg\" alt=\"ce 7\"\/><\/figure>\n\n\n\n<p>Rotary Club Armstrong, comprometido con el medio ambiente y sum\u00e1ndose a esta jornada, plant\u00f3 cuatro \u00e1rboles que de ahora en adelante todos los ciudadanos debemos proteger y cuidar, como cada espacio p\u00fablico de la ciudad.<\/p>\n\n\n\n<p>El Conservatorio Municipal de M\u00fasica estuvo presente con la banda infanto juvenil y el coro infantil quienes, junto a los alumnos del nivel primario interpretaron la canci\u00f3n \u201cQuiero para m\u00ed\u201d.<\/p>\n\n\n\n<figure class=\"wp-block-image\"><img decoding=\"async\" src=\"https:\/\/www.armstrong.gov.ar\/2020\/images\/ce_8.jpg\" alt=\"ce 8\"\/><\/figure>\n\n\n\n<p>Minutos despu\u00e9s se pudo disfrutar de la m\u00fasica del grupo Sinergia, surgido del mismo Conservatorio.<\/p>\n\n\n\n<p>Otro de los objetivos propuestos fue cumplido: promover el desarrollo del ni\u00f1o a participar plenamente en la vida cultural y art\u00edstica, propiciando oportunidades acordes, en condiciones de igualdad y accesibilidad, de participar en la vida educativa, cultural, recreativa y de esparcimiento.<\/p>\n","protected":false},"excerpt":{"rendered":"<p>En la tarde del jueves 24 de noviembre en el parque Bracito Fuerte, aproximadamente 500 ni\u00f1os de la ciudad se dieron cita para vivir una tarde celebrando el d\u00eda de Ciudades Educadoras, respirando alegr\u00eda y libertad. Con la participaci\u00f3n de alumnos, docentes y directivos de los jardines de infantes N\u00b0 84 y N\u00b0 33, y <a href=\"https:\/\/armstrongyregion.com.ar\/diario\/armstrong-ciudades-educadoras-propuso-alegria-y-libertad\/\" title=\"Read more\" >&#8230;<\/a><\/p>\n","protected":false},"author":1,"featured_media":36685,"comment_status":"open","ping_status":"open","sticky":false,"template":"","format":"image","meta":{"_jetpack_memberships_contains_paid_content":false,"footnotes":"","jetpack_publicize_message":"","jetpack_publicize_feature_enabled":true,"jetpack_social_post_already_shared":true,"jetpack_social_options":{"image_generator_settings":{"template":"highway","default_image_id":0,"enabled":false},"version":2}},"categories":[6,8,1,2,7,3],"tags":[136,1929,8681,8486,8692,13],"class_list":["post-36684","post","type-post","status-publish","format-image","has-post-thumbnail","hentry","category-cultura-entretenimiento","category-deliberando","category-diario-armstrong","category-locales","category-politica","category-region","tag-alegria","tag-ciudades","tag-educadoras","tag-libertad-2","tag-propuso","tag-y","post_format-post-format-image"],"jetpack_publicize_connections":[],"jetpack_featured_media_url":"https:\/\/armstrongyregion.com.ar\/diario\/wp-content\/uploads\/2022\/11\/c.educ_..jpg","jetpack_shortlink":"https:\/\/wp.me\/p62QDO-9xG","jetpack_sharing_enabled":true,"amp_enabled":true,"_links":{"self":[{"href":"https:\/\/armstrongyregion.com.ar\/diario\/wp-json\/wp\/v2\/posts\/36684","targetHints":{"allow":["GET"]}}],"collection":[{"href":"https:\/\/armstrongyregion.com.ar\/diario\/wp-json\/wp\/v2\/posts"}],"about":[{"href":"https:\/\/armstrongyregion.com.ar\/diario\/wp-json\/wp\/v2\/types\/post"}],"author":[{"embeddable":true,"href":"https:\/\/armstrongyregion.com.ar\/diario\/wp-json\/wp\/v2\/users\/1"}],"replies":[{"embeddable":true,"href":"https:\/\/armstrongyregion.com.ar\/diario\/wp-json\/wp\/v2\/comments?post=36684"}],"version-history":[{"count":1,"href":"https:\/\/armstrongyregion.com.ar\/diario\/wp-json\/wp\/v2\/posts\/36684\/revisions"}],"predecessor-version":[{"id":36686,"href":"https:\/\/armstrongyregion.com.ar\/diario\/wp-json\/wp\/v2\/posts\/36684\/revisions\/36686"}],"wp:featuredmedia":[{"embeddable":true,"href":"https:\/\/armstrongyregion.com.ar\/diario\/wp-json\/wp\/v2\/media\/36685"}],"wp:attachment":[{"href":"https:\/\/armstrongyregion.com.ar\/diario\/wp-json\/wp\/v2\/media?parent=36684"}],"wp:term":[{"taxonomy":"category","embeddable":true,"href":"https:\/\/armstrongyregion.com.ar\/diario\/wp-json\/wp\/v2\/categories?post=36684"},{"taxonomy":"post_tag","embeddable":true,"href":"https:\/\/armstrongyregion.com.ar\/diario\/wp-json\/wp\/v2\/tags?post=36684"}],"curies":[{"name":"wp","href":"https:\/\/api.w.org\/{rel}","templated":true}]}}