{"id":36680,"date":"2022-11-28T21:05:12","date_gmt":"2022-11-28T21:05:12","guid":{"rendered":"https:\/\/armstrongyregion.com.ar\/diario\/?p=36680"},"modified":"2022-11-28T21:05:16","modified_gmt":"2022-11-28T21:05:16","slug":"el-gobierno-provincial-anuncio-el-inicio-de-las-reuniones-paritarias","status":"publish","type":"post","link":"https:\/\/armstrongyregion.com.ar\/diario\/el-gobierno-provincial-anuncio-el-inicio-de-las-reuniones-paritarias\/","title":{"rendered":"El gobierno provincial anunci\u00f3 el inicio de las reuniones paritarias."},"content":{"rendered":"\n<figure class=\"wp-block-image size-full\"><a href=\"http:\/\/armstrongyregion.com.ar\/diario\/wp-content\/uploads\/2022\/11\/paritarias-28-11-22-.jpg\"><img loading=\"lazy\" decoding=\"async\" width=\"544\" height=\"320\" src=\"http:\/\/armstrongyregion.com.ar\/diario\/wp-content\/uploads\/2022\/11\/paritarias-28-11-22-.jpg\" alt=\"\" class=\"wp-image-36681\" srcset=\"https:\/\/armstrongyregion.com.ar\/diario\/wp-content\/uploads\/2022\/11\/paritarias-28-11-22-.jpg 544w, https:\/\/armstrongyregion.com.ar\/diario\/wp-content\/uploads\/2022\/11\/paritarias-28-11-22--300x176.jpg 300w\" sizes=\"auto, (max-width: 544px) 100vw, 544px\" \/><\/a><\/figure>\n\n\n\n<h2 class=\"wp-block-heading\">Los encuentros comienzan este jueves, a las 12, con los gremios de la administraci\u00f3n central, y a las 15 con los docentes.<\/h2>\n\n\n\n<p>El ministro de Trabajo, Empleo y Seguridad Social, Juan Manuel Pusineri, anunci\u00f3 la convocatoria a los gremios de la administraci\u00f3n central, docentes y profesionales de la salud, \u201ca partir del jueves 1 de diciembre, iniciando el proceso paritario tal cual nos hab\u00edamos comprometido\u201d, destac\u00f3 el funcionario santafesino.<\/p>\n\n\n\n<p>Al respecto, Pusineri precis\u00f3 que \u201cen le marco, y en funci\u00f3n de lo que acordamos oportunamente con cada uno de los gremios que negocian en el \u00e1mbito de la administraci\u00f3n p\u00fablica, a partir del d\u00eda jueves vamos a estar celebrando las reuniones paritarias\u201d.<\/p>\n\n\n\n<p>El jueves, \u201ca las 12 horas, en Casa de Gobierno, vamos a estar reuni\u00e9ndonos con UPCN y ATE; a las 15, en la sede del Ministerio de Trabajo, con el sector docente; y el lunes 5 a las 11 horas, tambi\u00e9n en trabajo, con los profesionales de la salud\u201d.<\/p>\n\n\n\n<p>Por \u00faltimo, Pusineri record\u00f3 que \u201cen la revisi\u00f3n paritaria que tuvimos en el mes de septiembre pudimos acordarlo de esta manera, de forma tal que con la mejor predisposici\u00f3n, reivindicamos una vez m\u00e1s el \u00e1mbito del di\u00e1logo colectivo, que hasta ahora hemos podido llevar adelante y resolver cada una de las instancias que se fueron planteando con la mejor predisposici\u00f3n\u201d.<\/p>\n\n\n\n<p>\u201cPara llevar adelante esta \u00faltima negociaci\u00f3n del a\u00f1o, nos vamos a reunir, poniendo sobre la mesa, en el marco de lo que es la libertad de la negociaci\u00f3n, las cuestiones salariales y aquellas otras que se vayan planteando\u201d, concluy\u00f3 el ministro de Trabajo.<\/p>\n","protected":false},"excerpt":{"rendered":"<p>Los encuentros comienzan este jueves, a las 12, con los gremios de la administraci\u00f3n central, y a las 15 con los docentes. El ministro de Trabajo, Empleo y Seguridad Social, Juan Manuel Pusineri, anunci\u00f3 la convocatoria a los gremios de la administraci\u00f3n central, docentes y profesionales de la salud, \u201ca partir del jueves 1 de <a href=\"https:\/\/armstrongyregion.com.ar\/diario\/el-gobierno-provincial-anuncio-el-inicio-de-las-reuniones-paritarias\/\" title=\"Read more\" >&#8230;<\/a><\/p>\n","protected":false},"author":1,"featured_media":36681,"comment_status":"open","ping_status":"open","sticky":false,"template":"","format":"image","meta":{"_jetpack_memberships_contains_paid_content":false,"footnotes":"","jetpack_publicize_message":"","jetpack_publicize_feature_enabled":true,"jetpack_social_post_already_shared":true,"jetpack_social_options":{"image_generator_settings":{"template":"highway","default_image_id":0,"enabled":false},"version":2}},"categories":[8,1,2,7,3],"tags":[835,19,16,38,174,3407,928,4062],"class_list":["post-36680","post","type-post","status-publish","format-image","has-post-thumbnail","hentry","category-deliberando","category-diario-armstrong","category-locales","category-politica","category-region","tag-anuncio","tag-de","tag-el","tag-gobierno","tag-inicio","tag-paritarias","tag-provincial","tag-reuniones","post_format-post-format-image"],"jetpack_publicize_connections":[],"jetpack_featured_media_url":"https:\/\/armstrongyregion.com.ar\/diario\/wp-content\/uploads\/2022\/11\/paritarias-28-11-22-.jpg","jetpack_shortlink":"https:\/\/wp.me\/p62QDO-9xC","jetpack_sharing_enabled":true,"amp_enabled":true,"_links":{"self":[{"href":"https:\/\/armstrongyregion.com.ar\/diario\/wp-json\/wp\/v2\/posts\/36680","targetHints":{"allow":["GET"]}}],"collection":[{"href":"https:\/\/armstrongyregion.com.ar\/diario\/wp-json\/wp\/v2\/posts"}],"about":[{"href":"https:\/\/armstrongyregion.com.ar\/diario\/wp-json\/wp\/v2\/types\/post"}],"author":[{"embeddable":true,"href":"https:\/\/armstrongyregion.com.ar\/diario\/wp-json\/wp\/v2\/users\/1"}],"replies":[{"embeddable":true,"href":"https:\/\/armstrongyregion.com.ar\/diario\/wp-json\/wp\/v2\/comments?post=36680"}],"version-history":[{"count":2,"href":"https:\/\/armstrongyregion.com.ar\/diario\/wp-json\/wp\/v2\/posts\/36680\/revisions"}],"predecessor-version":[{"id":36683,"href":"https:\/\/armstrongyregion.com.ar\/diario\/wp-json\/wp\/v2\/posts\/36680\/revisions\/36683"}],"wp:featuredmedia":[{"embeddable":true,"href":"https:\/\/armstrongyregion.com.ar\/diario\/wp-json\/wp\/v2\/media\/36681"}],"wp:attachment":[{"href":"https:\/\/armstrongyregion.com.ar\/diario\/wp-json\/wp\/v2\/media?parent=36680"}],"wp:term":[{"taxonomy":"category","embeddable":true,"href":"https:\/\/armstrongyregion.com.ar\/diario\/wp-json\/wp\/v2\/categories?post=36680"},{"taxonomy":"post_tag","embeddable":true,"href":"https:\/\/armstrongyregion.com.ar\/diario\/wp-json\/wp\/v2\/tags?post=36680"}],"curies":[{"name":"wp","href":"https:\/\/api.w.org\/{rel}","templated":true}]}}