{"id":3668,"date":"2015-08-20T13:54:36","date_gmt":"2015-08-20T13:54:36","guid":{"rendered":"https:\/\/armstrongyregion.com.ar\/diario\/?p=3668"},"modified":"2015-08-20T13:54:36","modified_gmt":"2015-08-20T13:54:36","slug":"el-domingo-23-de-agosto-festejamos-el-dia-del-nino","status":"publish","type":"post","link":"https:\/\/armstrongyregion.com.ar\/diario\/el-domingo-23-de-agosto-festejamos-el-dia-del-nino\/","title":{"rendered":"El domingo 23 de agosto festejamos el D\u00eda del Ni\u00f1o."},"content":{"rendered":"<p><a href=\"http:\/\/armstrongyregion.com.ar\/diario\/wp-content\/uploads\/2015\/08\/dia-del-ni\u00f1o.jpg\"><img loading=\"lazy\" decoding=\"async\" class=\"alignnone size-full wp-image-3669\" src=\"http:\/\/armstrongyregion.com.ar\/diario\/wp-content\/uploads\/2015\/08\/dia-del-ni\u00f1o.jpg\" alt=\"dia del ni\u00f1o\" width=\"259\" height=\"194\" \/><\/a>La Municipalidad de Armstrong invita a toda la ciudadan\u00eda a participar de los festejos por el d\u00eda del ni\u00f1o que se realizar\u00e1n el domingo 23 de agosto a partir de las 15 hs. en el parque Bracito Fuerte.<\/p>\n<p>Esta fiesta ha sido postergada con motivo del fallecimiento y sepelio de quien durante muchos a\u00f1os fuese el cura p\u00e1rroco de nuestra ciudad, recientemente fallecido Padre Rub\u00e9n Malarr\u00eda.<\/p>\n<p>All\u00ed estar\u00e1n esper\u00e1ndolos muchos juegos para todas las edades, juegos inflables, arte, y en el cierre se presentar\u00e1 la obra teatral \u201cVacaciones en R\u00edo\u201d, versi\u00f3n de la pel\u00edcula R\u00edo, con artistas que act\u00faan, cantan y bailan, dirigidos por Favio Vides. El musical cuenta una f\u00e1bula a partir de la cual se disparan diversas tem\u00e1ticas, donde se destacan el vestuario y la puesta en general.<\/p>\n<p>Se presentar\u00e1n los integrantes de la Feria Sabores y Colores Locales, con una amplia variedad de productos elaborados por artistas, artesanos y microemprendedores de nuestra ciudad.<\/p>\n","protected":false},"excerpt":{"rendered":"<p>La Municipalidad de Armstrong invita a toda la ciudadan\u00eda a participar de los festejos por el d\u00eda del ni\u00f1o que se realizar\u00e1n el domingo 23 de agosto a partir de las 15 hs. en el parque Bracito Fuerte. Esta fiesta ha sido postergada con motivo del fallecimiento y sepelio de quien durante muchos a\u00f1os fuese <a href=\"https:\/\/armstrongyregion.com.ar\/diario\/el-domingo-23-de-agosto-festejamos-el-dia-del-nino\/\" title=\"Read more\" >&#8230;<\/a><\/p>\n","protected":false},"author":2,"featured_media":3669,"comment_status":"open","ping_status":"open","sticky":false,"template":"","format":"standard","meta":{"_jetpack_memberships_contains_paid_content":false,"footnotes":"","jetpack_publicize_message":"","jetpack_publicize_feature_enabled":true,"jetpack_social_post_already_shared":false,"jetpack_social_options":{"image_generator_settings":{"template":"highway","default_image_id":0,"enabled":false},"version":2}},"categories":[1,2],"tags":[2056,2397,19,53,793,16,2544,2545,2502],"class_list":["post-3668","post","type-post","status-publish","format-standard","has-post-thumbnail","hentry","category-diario-armstrong","category-locales","tag-2056","tag-agosto","tag-de","tag-del","tag-dia","tag-el","tag-el-domingo","tag-festejamos","tag-nino"],"jetpack_publicize_connections":[],"jetpack_featured_media_url":"https:\/\/armstrongyregion.com.ar\/diario\/wp-content\/uploads\/2015\/08\/dia-del-ni\u00f1o.jpg","jetpack_shortlink":"https:\/\/wp.me\/p62QDO-Xa","jetpack_sharing_enabled":true,"amp_enabled":true,"_links":{"self":[{"href":"https:\/\/armstrongyregion.com.ar\/diario\/wp-json\/wp\/v2\/posts\/3668","targetHints":{"allow":["GET"]}}],"collection":[{"href":"https:\/\/armstrongyregion.com.ar\/diario\/wp-json\/wp\/v2\/posts"}],"about":[{"href":"https:\/\/armstrongyregion.com.ar\/diario\/wp-json\/wp\/v2\/types\/post"}],"author":[{"embeddable":true,"href":"https:\/\/armstrongyregion.com.ar\/diario\/wp-json\/wp\/v2\/users\/2"}],"replies":[{"embeddable":true,"href":"https:\/\/armstrongyregion.com.ar\/diario\/wp-json\/wp\/v2\/comments?post=3668"}],"version-history":[{"count":0,"href":"https:\/\/armstrongyregion.com.ar\/diario\/wp-json\/wp\/v2\/posts\/3668\/revisions"}],"wp:featuredmedia":[{"embeddable":true,"href":"https:\/\/armstrongyregion.com.ar\/diario\/wp-json\/wp\/v2\/media\/3669"}],"wp:attachment":[{"href":"https:\/\/armstrongyregion.com.ar\/diario\/wp-json\/wp\/v2\/media?parent=3668"}],"wp:term":[{"taxonomy":"category","embeddable":true,"href":"https:\/\/armstrongyregion.com.ar\/diario\/wp-json\/wp\/v2\/categories?post=3668"},{"taxonomy":"post_tag","embeddable":true,"href":"https:\/\/armstrongyregion.com.ar\/diario\/wp-json\/wp\/v2\/tags?post=3668"}],"curies":[{"name":"wp","href":"https:\/\/api.w.org\/{rel}","templated":true}]}}