{"id":36666,"date":"2022-11-28T03:33:05","date_gmt":"2022-11-28T03:33:05","guid":{"rendered":"https:\/\/armstrongyregion.com.ar\/diario\/?p=36666"},"modified":"2022-11-28T09:56:58","modified_gmt":"2022-11-28T09:56:58","slug":"renovacion-por-armstrong-presento-tres-minutas-de-comunicacion","status":"publish","type":"post","link":"https:\/\/armstrongyregion.com.ar\/diario\/renovacion-por-armstrong-presento-tres-minutas-de-comunicacion\/","title":{"rendered":"Renovaci\u00f3n por Armstrong present\u00f3 tres minutas de comunicaci\u00f3n."},"content":{"rendered":"\n<figure class=\"wp-block-image size-full\"><a href=\"http:\/\/armstrongyregion.com.ar\/diario\/wp-content\/uploads\/2022\/09\/Emiliano-Gramigna-7-9-22-.jpg\"><img loading=\"lazy\" decoding=\"async\" width=\"758\" height=\"563\" src=\"http:\/\/armstrongyregion.com.ar\/diario\/wp-content\/uploads\/2022\/09\/Emiliano-Gramigna-7-9-22-.jpg\" alt=\"\" class=\"wp-image-35725\" srcset=\"https:\/\/armstrongyregion.com.ar\/diario\/wp-content\/uploads\/2022\/09\/Emiliano-Gramigna-7-9-22-.jpg 758w, https:\/\/armstrongyregion.com.ar\/diario\/wp-content\/uploads\/2022\/09\/Emiliano-Gramigna-7-9-22--300x223.jpg 300w\" sizes=\"auto, (max-width: 758px) 100vw, 758px\" \/><\/a><\/figure>\n\n\n\n<p>Al t\u00e9rmino de la sesi\u00f3n ordinaria, el concejal Gramigna, en dialogo con los medios locales expresaba: \u201cEn la noche de hoy presentamos tres minutas de comunicaci\u00f3n.<\/p>\n\n\n\n<p>La primera haciendo hincapi\u00e9 en lo ocurrido el fin de semana anterior, un hecho de bullying de publico conocimiento que lo vimos reflejado a trav\u00e9s de redes sociales, no queremos solamente repudiar el hecho de lo que paso, sino que solicitamos la realizaci\u00f3n de campa\u00f1as regulares para concientizar y prevenir sobre el bullying o acoso escolar, generar conciencia y dialogo entre los ni\u00f1os y las ni\u00f1as, adolescentes, con los padres, con los maestros, con las instituciones, los clubes y lugares que contengan a j\u00f3venes. Entender que detr\u00e1s de un caso de bullying hay una persona sufriendo y muchas veces ese hartazgo se puede manifestar  en un mont\u00f3n de formas e incluso con desenlaces poco deseados\u201d.<\/p>\n\n\n\n<p>El edil continu\u00f3: \u201cTambi\u00e9n presentamos un pedido de informe sobre las roturas de pavimento en calle Mart\u00ednez y Bell Ville vimos que pas\u00f3 un cami\u00f3n, al instante se romp\u00eda el concreto. Lo que queremos saber es quien es el responsable de la misma, que es relativamente nueva al igual que el de calle Sanguinetti casi llegando a Belgrano donde se esta realizando hoy la obra de desag\u00fces pluviales y vimos que hay un sector de esa obra que ya se empez\u00f3 a agrietar. Lo que queremos saber es quien es el responsable de la misma, cual va a ser el plazo de reparaci\u00f3n, cuales son los motivos por los se han roto porque despu\u00e9s nosotros tambi\u00e9n tenemos que ir y contarle a los vecinos lo que esta pasando\u201d.<\/p>\n\n\n\n<p>Finalmente- dijo el concejal- presentamos una minuta de comunicaci\u00f3n en la que solicitamos un sistema de moratoria, plan de pago para tasa municipal y DREI, hacemos hincapi\u00e9 en que mucha gente debido a la pandemia generaron deudas en tasa municipal, gente que tiene voluntad de pago, gente que es responsable pero que ante la situaci\u00f3n econ\u00f3mica actual no puede cumplir con la totalidad de la deuda que tiene. Entonces la idea es que el ejecutivo genere un plan de pago acorde a la necesidad de cada una de esas \u00b4personas y darles la posibilidad de que puedan ponerse al d\u00eda con sus impuestos\u201d.<\/p>\n","protected":false},"excerpt":{"rendered":"<p>Al t\u00e9rmino de la sesi\u00f3n ordinaria, el concejal Gramigna, en dialogo con los medios locales expresaba: \u201cEn la noche de hoy presentamos tres minutas de comunicaci\u00f3n. La primera haciendo hincapi\u00e9 en lo ocurrido el fin de semana anterior, un hecho de bullying de publico conocimiento que lo vimos reflejado a trav\u00e9s de redes sociales, no <a href=\"https:\/\/armstrongyregion.com.ar\/diario\/renovacion-por-armstrong-presento-tres-minutas-de-comunicacion\/\" title=\"Read more\" >&#8230;<\/a><\/p>\n","protected":false},"author":1,"featured_media":35725,"comment_status":"open","ping_status":"open","sticky":false,"template":"","format":"image","meta":{"_jetpack_memberships_contains_paid_content":false,"footnotes":"","jetpack_publicize_message":"","jetpack_publicize_feature_enabled":true,"jetpack_social_post_already_shared":true,"jetpack_social_options":{"image_generator_settings":{"template":"highway","default_image_id":0,"enabled":false},"version":2}},"categories":[8,1,2,7,3],"tags":[20,8691,19,60,25,762,8645],"class_list":["post-36666","post","type-post","status-publish","format-image","has-post-thumbnail","hentry","category-deliberando","category-diario-armstrong","category-locales","category-politica","category-region","tag-armstrong","tag-comunicacion","tag-de","tag-por","tag-presento","tag-renovacion","tag-tres-2","post_format-post-format-image"],"jetpack_publicize_connections":[],"jetpack_featured_media_url":"https:\/\/armstrongyregion.com.ar\/diario\/wp-content\/uploads\/2022\/09\/Emiliano-Gramigna-7-9-22-.jpg","jetpack_shortlink":"https:\/\/wp.me\/p62QDO-9xo","jetpack_sharing_enabled":true,"amp_enabled":true,"_links":{"self":[{"href":"https:\/\/armstrongyregion.com.ar\/diario\/wp-json\/wp\/v2\/posts\/36666","targetHints":{"allow":["GET"]}}],"collection":[{"href":"https:\/\/armstrongyregion.com.ar\/diario\/wp-json\/wp\/v2\/posts"}],"about":[{"href":"https:\/\/armstrongyregion.com.ar\/diario\/wp-json\/wp\/v2\/types\/post"}],"author":[{"embeddable":true,"href":"https:\/\/armstrongyregion.com.ar\/diario\/wp-json\/wp\/v2\/users\/1"}],"replies":[{"embeddable":true,"href":"https:\/\/armstrongyregion.com.ar\/diario\/wp-json\/wp\/v2\/comments?post=36666"}],"version-history":[{"count":5,"href":"https:\/\/armstrongyregion.com.ar\/diario\/wp-json\/wp\/v2\/posts\/36666\/revisions"}],"predecessor-version":[{"id":36674,"href":"https:\/\/armstrongyregion.com.ar\/diario\/wp-json\/wp\/v2\/posts\/36666\/revisions\/36674"}],"wp:featuredmedia":[{"embeddable":true,"href":"https:\/\/armstrongyregion.com.ar\/diario\/wp-json\/wp\/v2\/media\/35725"}],"wp:attachment":[{"href":"https:\/\/armstrongyregion.com.ar\/diario\/wp-json\/wp\/v2\/media?parent=36666"}],"wp:term":[{"taxonomy":"category","embeddable":true,"href":"https:\/\/armstrongyregion.com.ar\/diario\/wp-json\/wp\/v2\/categories?post=36666"},{"taxonomy":"post_tag","embeddable":true,"href":"https:\/\/armstrongyregion.com.ar\/diario\/wp-json\/wp\/v2\/tags?post=36666"}],"curies":[{"name":"wp","href":"https:\/\/api.w.org\/{rel}","templated":true}]}}