{"id":36658,"date":"2022-11-27T22:42:57","date_gmt":"2022-11-27T22:42:57","guid":{"rendered":"https:\/\/armstrongyregion.com.ar\/diario\/?p=36658"},"modified":"2022-11-27T22:43:02","modified_gmt":"2022-11-27T22:43:02","slug":"show-de-mario-molini-y-andres-tonany-en-casa-del-bicentenario-por-los-55-anos-de-a-l-p-i-c","status":"publish","type":"post","link":"https:\/\/armstrongyregion.com.ar\/diario\/show-de-mario-molini-y-andres-tonany-en-casa-del-bicentenario-por-los-55-anos-de-a-l-p-i-c\/","title":{"rendered":"Show de Mario Molini y Andr\u00e9s To\u00f1any en casa del bicentenario por los 55 a\u00f1os de A.L.P.I.C."},"content":{"rendered":"\n<figure class=\"wp-block-image size-full\"><a href=\"http:\/\/armstrongyregion.com.ar\/diario\/wp-content\/uploads\/2022\/11\/ALPIC-55-anos-.jpg\"><img loading=\"lazy\" decoding=\"async\" width=\"400\" height=\"300\" src=\"http:\/\/armstrongyregion.com.ar\/diario\/wp-content\/uploads\/2022\/11\/ALPIC-55-anos-.jpg\" alt=\"\" class=\"wp-image-36659\" srcset=\"https:\/\/armstrongyregion.com.ar\/diario\/wp-content\/uploads\/2022\/11\/ALPIC-55-anos-.jpg 400w, https:\/\/armstrongyregion.com.ar\/diario\/wp-content\/uploads\/2022\/11\/ALPIC-55-anos--300x225.jpg 300w\" sizes=\"auto, (max-width: 400px) 100vw, 400px\" \/><\/a><\/figure>\n\n\n\n<h2 class=\"wp-block-heading\">El recital fue acompa\u00f1ado por un recorrido fotogr\u00e1fico por la historia de la instituci\u00f3n. \u201cDestacamos la labor de A.L.P.I.C. y renovamos nuestro compromiso de trabajo conjunto\u201d, destacaron la intendenta Stella Cl\u00e9rici y la secretaria de Educaci\u00f3n, Cultura y Deporte, Raquel Di Paola.<\/h2>\n\n\n\n<p>La Municipalidad de Ca\u00f1ada de G\u00f3mez abri\u00f3 las puertas de su Casa del Bicentenario para celebrar el 55\u00ba aniversario de A.L.P.I.C, a trav\u00e9s de un espect\u00e1culo emocionante, a cargo de los tenores Mario Molini y Andr\u00e9s To\u00f1any.&nbsp;<\/p>\n\n\n\n<p>La intendenta Stella Cl\u00e9rici y la secretaria de Educaci\u00f3n, Cultura y Deporte, participaron de la actividad, junto a la comisi\u00f3n de la entidad. \u201cSiempre es una gran alegr\u00eda festejar un nuevo aniversario de nuestras instituciones. Hoy acompa\u00f1amos a A.L.P.I.C, que tanto trabaja a diario por la comunidad, felicitamos a su comisi\u00f3n y auguramos muchos a\u00f1os m\u00e1s de labor conjunta a favor de los ca\u00f1adense\u201d, expres\u00f3 Cl\u00e9rici.&nbsp;<\/p>\n\n\n\n<p>Bajo la premisa \u201cdos tenores en un viaje al alma musical\u201d, Molini y To\u00f1any ofrecieron un espect\u00e1culo de excelencia, ante una sala colmada, para festejar el cumplea\u00f1os de la instituci\u00f3n.&nbsp;&nbsp;<\/p>\n","protected":false},"excerpt":{"rendered":"<p>El recital fue acompa\u00f1ado por un recorrido fotogr\u00e1fico por la historia de la instituci\u00f3n. \u201cDestacamos la labor de A.L.P.I.C. y renovamos nuestro compromiso de trabajo conjunto\u201d, destacaron la intendenta Stella Cl\u00e9rici y la secretaria de Educaci\u00f3n, Cultura y Deporte, Raquel Di Paola. La Municipalidad de Ca\u00f1ada de G\u00f3mez abri\u00f3 las puertas de su Casa del <a href=\"https:\/\/armstrongyregion.com.ar\/diario\/show-de-mario-molini-y-andres-tonany-en-casa-del-bicentenario-por-los-55-anos-de-a-l-p-i-c\/\" title=\"Read more\" >&#8230;<\/a><\/p>\n","protected":false},"author":1,"featured_media":36659,"comment_status":"open","ping_status":"open","sticky":false,"template":"","format":"image","meta":{"_jetpack_memberships_contains_paid_content":false,"footnotes":"","jetpack_publicize_message":"","jetpack_publicize_feature_enabled":true,"jetpack_social_post_already_shared":true,"jetpack_social_options":{"image_generator_settings":{"template":"highway","default_image_id":0,"enabled":false},"version":2}},"categories":[6,8,1,2,7,3],"tags":[8687,8684,8686,325,8682,15,2627,8685],"class_list":["post-36658","post","type-post","status-publish","format-image","has-post-thumbnail","hentry","category-cultura-entretenimiento","category-deliberando","category-diario-armstrong","category-locales","category-politica","category-region","tag-alpic","tag-andres","tag-bicentenario-2","tag-casa","tag-de-mario","tag-en","tag-show","tag-tonany","post_format-post-format-image"],"jetpack_publicize_connections":[],"jetpack_featured_media_url":"https:\/\/armstrongyregion.com.ar\/diario\/wp-content\/uploads\/2022\/11\/ALPIC-55-anos-.jpg","jetpack_shortlink":"https:\/\/wp.me\/p62QDO-9xg","jetpack_sharing_enabled":true,"amp_enabled":true,"_links":{"self":[{"href":"https:\/\/armstrongyregion.com.ar\/diario\/wp-json\/wp\/v2\/posts\/36658","targetHints":{"allow":["GET"]}}],"collection":[{"href":"https:\/\/armstrongyregion.com.ar\/diario\/wp-json\/wp\/v2\/posts"}],"about":[{"href":"https:\/\/armstrongyregion.com.ar\/diario\/wp-json\/wp\/v2\/types\/post"}],"author":[{"embeddable":true,"href":"https:\/\/armstrongyregion.com.ar\/diario\/wp-json\/wp\/v2\/users\/1"}],"replies":[{"embeddable":true,"href":"https:\/\/armstrongyregion.com.ar\/diario\/wp-json\/wp\/v2\/comments?post=36658"}],"version-history":[{"count":2,"href":"https:\/\/armstrongyregion.com.ar\/diario\/wp-json\/wp\/v2\/posts\/36658\/revisions"}],"predecessor-version":[{"id":36661,"href":"https:\/\/armstrongyregion.com.ar\/diario\/wp-json\/wp\/v2\/posts\/36658\/revisions\/36661"}],"wp:featuredmedia":[{"embeddable":true,"href":"https:\/\/armstrongyregion.com.ar\/diario\/wp-json\/wp\/v2\/media\/36659"}],"wp:attachment":[{"href":"https:\/\/armstrongyregion.com.ar\/diario\/wp-json\/wp\/v2\/media?parent=36658"}],"wp:term":[{"taxonomy":"category","embeddable":true,"href":"https:\/\/armstrongyregion.com.ar\/diario\/wp-json\/wp\/v2\/categories?post=36658"},{"taxonomy":"post_tag","embeddable":true,"href":"https:\/\/armstrongyregion.com.ar\/diario\/wp-json\/wp\/v2\/tags?post=36658"}],"curies":[{"name":"wp","href":"https:\/\/api.w.org\/{rel}","templated":true}]}}