{"id":36655,"date":"2022-11-27T22:38:52","date_gmt":"2022-11-27T22:38:52","guid":{"rendered":"https:\/\/armstrongyregion.com.ar\/diario\/?p=36655"},"modified":"2022-11-27T22:38:58","modified_gmt":"2022-11-27T22:38:58","slug":"armstrong-celebra-el-dia-de-ciudades-educadoras","status":"publish","type":"post","link":"https:\/\/armstrongyregion.com.ar\/diario\/armstrong-celebra-el-dia-de-ciudades-educadoras\/","title":{"rendered":"Armstrong celebra el d\u00eda de Ciudades Educadoras."},"content":{"rendered":"\n<figure class=\"wp-block-image size-full\"><a href=\"http:\/\/armstrongyregion.com.ar\/diario\/wp-content\/uploads\/2022\/11\/Ciudades_Educadoras.jpg\"><img loading=\"lazy\" decoding=\"async\" width=\"311\" height=\"320\" src=\"http:\/\/armstrongyregion.com.ar\/diario\/wp-content\/uploads\/2022\/11\/Ciudades_Educadoras.jpg\" alt=\"\" class=\"wp-image-36656\" srcset=\"https:\/\/armstrongyregion.com.ar\/diario\/wp-content\/uploads\/2022\/11\/Ciudades_Educadoras.jpg 311w, https:\/\/armstrongyregion.com.ar\/diario\/wp-content\/uploads\/2022\/11\/Ciudades_Educadoras-292x300.jpg 292w\" sizes=\"auto, (max-width: 311px) 100vw, 311px\" \/><\/a><\/figure>\n\n\n\n<p>El 30 de noviembre celebramos el D\u00eda Internacional de la Ciudad Educadora, y la Municipalidad de Armstrong invita a participar de un festejo que se realizar\u00e1 el jueves 24 de noviembre a las 16 hs. en el parque Bracito Fuerte.<\/p>\n\n\n\n<p>El lema de este a\u00f1o es \u201cLa Ciudad Educadora, ciudad de paz y oportunidades\u201d.<\/p>\n\n\n\n<p>Se suman a esta propuesta Biblioteca Popular Sarmiento con \u201cCalle de Libros\u201d, una oportunidad para intercambiar libros infantiles y\/o novelas; Salas de 5 a\u00f1os del Jard\u00edn N\u00b0 84 y de la Escuela N\u00b0 33 quienes dejar\u00e1n plasmadas sus manitas y se descubrir\u00e1 una placa; 3\u00b0 grado de las Escuelas primarias de la ciudad; Conservatorio Municipal de M\u00fasica; Rotary Club Armstrong con plantaci\u00f3n de \u00e1rboles; Vivero Manos Verdes ofreciendo el taller \u201cArmado de semillas\u201d, con semillas para sembrar.<\/p>\n\n\n\n<p>El objetivo es celebrar el D\u00eda de la Ciudad Educadora, sum\u00e1ndose a los festejos de la&nbsp;Asociaci\u00f3n Internacional de Ciudades&nbsp;Educadoras (AICE), fortaleciendo los v\u00ednculos con las dem\u00e1s ciudades miembro reafirmando el compromiso con los principios de la Carta.<\/p>\n\n\n\n<p>La Ciudad Educadora entiende la educaci\u00f3n como un patrimonio colectivo, corresponsabilidad de todos los agentes sociales, incluida la misma ciudad, para corregir desigualdades y garantizar una educaci\u00f3n de calidad para todo el mundo. Porque en la ciudad educadora, la diversidad en todas sus dimensiones es una fuente de riqueza y aprendizaje y donde todo el mundo cabe, para recibir, y tambi\u00e9n para aportar.<\/p>\n","protected":false},"excerpt":{"rendered":"<p>El 30 de noviembre celebramos el D\u00eda Internacional de la Ciudad Educadora, y la Municipalidad de Armstrong invita a participar de un festejo que se realizar\u00e1 el jueves 24 de noviembre a las 16 hs. en el parque Bracito Fuerte. El lema de este a\u00f1o es \u201cLa Ciudad Educadora, ciudad de paz y oportunidades\u201d. Se <a href=\"https:\/\/armstrongyregion.com.ar\/diario\/armstrong-celebra-el-dia-de-ciudades-educadoras\/\" title=\"Read more\" >&#8230;<\/a><\/p>\n","protected":false},"author":1,"featured_media":36656,"comment_status":"open","ping_status":"open","sticky":false,"template":"","format":"image","meta":{"_jetpack_memberships_contains_paid_content":false,"footnotes":"","jetpack_publicize_message":"","jetpack_publicize_feature_enabled":true,"jetpack_social_post_already_shared":true,"jetpack_social_options":{"image_generator_settings":{"template":"highway","default_image_id":0,"enabled":false},"version":2}},"categories":[6,8,1,2,7,3],"tags":[20,1997,1929,19,793,8681,16,23],"class_list":["post-36655","post","type-post","status-publish","format-image","has-post-thumbnail","hentry","category-cultura-entretenimiento","category-deliberando","category-diario-armstrong","category-locales","category-politica","category-region","tag-armstrong","tag-celebra","tag-ciudades","tag-de","tag-dia","tag-educadoras","tag-el","tag-las","post_format-post-format-image"],"jetpack_publicize_connections":[],"jetpack_featured_media_url":"https:\/\/armstrongyregion.com.ar\/diario\/wp-content\/uploads\/2022\/11\/Ciudades_Educadoras.jpg","jetpack_shortlink":"https:\/\/wp.me\/p62QDO-9xd","jetpack_sharing_enabled":true,"amp_enabled":true,"_links":{"self":[{"href":"https:\/\/armstrongyregion.com.ar\/diario\/wp-json\/wp\/v2\/posts\/36655","targetHints":{"allow":["GET"]}}],"collection":[{"href":"https:\/\/armstrongyregion.com.ar\/diario\/wp-json\/wp\/v2\/posts"}],"about":[{"href":"https:\/\/armstrongyregion.com.ar\/diario\/wp-json\/wp\/v2\/types\/post"}],"author":[{"embeddable":true,"href":"https:\/\/armstrongyregion.com.ar\/diario\/wp-json\/wp\/v2\/users\/1"}],"replies":[{"embeddable":true,"href":"https:\/\/armstrongyregion.com.ar\/diario\/wp-json\/wp\/v2\/comments?post=36655"}],"version-history":[{"count":1,"href":"https:\/\/armstrongyregion.com.ar\/diario\/wp-json\/wp\/v2\/posts\/36655\/revisions"}],"predecessor-version":[{"id":36657,"href":"https:\/\/armstrongyregion.com.ar\/diario\/wp-json\/wp\/v2\/posts\/36655\/revisions\/36657"}],"wp:featuredmedia":[{"embeddable":true,"href":"https:\/\/armstrongyregion.com.ar\/diario\/wp-json\/wp\/v2\/media\/36656"}],"wp:attachment":[{"href":"https:\/\/armstrongyregion.com.ar\/diario\/wp-json\/wp\/v2\/media?parent=36655"}],"wp:term":[{"taxonomy":"category","embeddable":true,"href":"https:\/\/armstrongyregion.com.ar\/diario\/wp-json\/wp\/v2\/categories?post=36655"},{"taxonomy":"post_tag","embeddable":true,"href":"https:\/\/armstrongyregion.com.ar\/diario\/wp-json\/wp\/v2\/tags?post=36655"}],"curies":[{"name":"wp","href":"https:\/\/api.w.org\/{rel}","templated":true}]}}