{"id":36652,"date":"2022-11-27T22:34:17","date_gmt":"2022-11-27T22:34:17","guid":{"rendered":"https:\/\/armstrongyregion.com.ar\/diario\/?p=36652"},"modified":"2022-11-28T20:57:17","modified_gmt":"2022-11-28T20:57:17","slug":"cerici-impulsa-trabajo-conjunto-con-el-conicet","status":"publish","type":"post","link":"https:\/\/armstrongyregion.com.ar\/diario\/cerici-impulsa-trabajo-conjunto-con-el-conicet\/","title":{"rendered":"Cl\u00e9rici impulsa trabajo conjunto con el CONICET."},"content":{"rendered":"\n<figure class=\"wp-block-image size-full\"><a href=\"http:\/\/armstrongyregion.com.ar\/diario\/wp-content\/uploads\/2022\/11\/conicet-27-11-22-.jpg\"><img loading=\"lazy\" decoding=\"async\" width=\"640\" height=\"448\" src=\"http:\/\/armstrongyregion.com.ar\/diario\/wp-content\/uploads\/2022\/11\/conicet-27-11-22-.jpg\" alt=\"\" class=\"wp-image-36653\" srcset=\"https:\/\/armstrongyregion.com.ar\/diario\/wp-content\/uploads\/2022\/11\/conicet-27-11-22-.jpg 640w, https:\/\/armstrongyregion.com.ar\/diario\/wp-content\/uploads\/2022\/11\/conicet-27-11-22--300x210.jpg 300w\" sizes=\"auto, (max-width: 640px) 100vw, 640px\" \/><\/a><\/figure>\n\n\n\n<h2 class=\"wp-block-heading\"><strong>La intendenta se reuni\u00f3 con Sandra Fernandez y Sergio Romano, autoridades del CONICET, junto a sus equipos de trabajo. Avanzaron en la implementaci\u00f3n de un programa de vinculaci\u00f3n tecnol\u00f3gica territorial, que contempla la colaboraci\u00f3n de la instituci\u00f3n cient\u00edfica m\u00e1s prestigiosa del pa\u00eds.<\/strong><\/h2>\n\n\n\n<p>La Municipalidad de Ca\u00f1ada de G\u00f3mez y el Conicet avanzan en la implementaci\u00f3n del Programa Impactar, que tiene como objetivo potenciar la vinculaci\u00f3n tecnol\u00f3gica territorial entre el gobierno local y la prestigiosa instituci\u00f3n cient\u00edfica. Con esta finalidad, la intendenta Stella Cl\u00e9rici mantuvo una reuni\u00f3n de trabajo con autoridades de la entidad, donde expuso las acciones que se vienen desarrollando desde su gesti\u00f3n en materia de innovaci\u00f3n tecnol\u00f3gica.<\/p>\n\n\n\n<p>Asimismo, la intendenta traz\u00f3 las metas a futuro. \u201cPotenciar nuestro incipiente Polo Tecnol\u00f3gico es el nuevo desaf\u00edo\u201d, defini\u00f3 Cl\u00e9rici al inicio del encuentro y luego enumer\u00f3 las l\u00edneas de trabajo conjuntas con instituciones, que se vienen implementando. Por su parte, la directora del Conicet Rosario, Sandra Fernandez,&nbsp; explic\u00f3 que esta vinculaci\u00f3n entre la municipalidad y la instituci\u00f3n, tiene como finalidad \u201carticular las necesidades espec\u00edficas del municipio y orientar nuevas demandas, no solo satisfacerlas\u201d.<\/p>\n\n\n\n<p>El convenio marco por el cual se implementar\u00e1 el Programa Impactar, contempla la colaboraci\u00f3n, asesoramiento e intervenci\u00f3n de cient\u00edficos e investigadores del Conicet, en la implementaci\u00f3n de proyectos e iniciativas del municipio, de trascendencia comunitaria, social, cultural y educativa.<\/p>\n\n\n\n<p>\u201cCelebramos la federalizaci\u00f3n de la ciencia y la generaci\u00f3n de estos nuevos espacios, que fortalecen a Ca\u00f1ada como un polo de desarrollo productivo y tecnol\u00f3gico en la regi\u00f3n\u201d, sintetiz\u00f3 la intendenta municipal.<\/p>\n","protected":false},"excerpt":{"rendered":"<p>La intendenta se reuni\u00f3 con Sandra Fernandez y Sergio Romano, autoridades del CONICET, junto a sus equipos de trabajo. Avanzaron en la implementaci\u00f3n de un programa de vinculaci\u00f3n tecnol\u00f3gica territorial, que contempla la colaboraci\u00f3n de la instituci\u00f3n cient\u00edfica m\u00e1s prestigiosa del pa\u00eds. La Municipalidad de Ca\u00f1ada de G\u00f3mez y el Conicet avanzan en la implementaci\u00f3n <a href=\"https:\/\/armstrongyregion.com.ar\/diario\/cerici-impulsa-trabajo-conjunto-con-el-conicet\/\" title=\"Read more\" >&#8230;<\/a><\/p>\n","protected":false},"author":1,"featured_media":36653,"comment_status":"open","ping_status":"open","sticky":false,"template":"","format":"image","meta":{"_jetpack_memberships_contains_paid_content":false,"footnotes":"","jetpack_publicize_message":"","jetpack_publicize_feature_enabled":true,"jetpack_social_post_already_shared":true,"jetpack_social_options":{"image_generator_settings":{"template":"highway","default_image_id":0,"enabled":false},"version":2}},"categories":[6,8,1,7,3],"tags":[83,100,8680,16,8678,1066],"class_list":["post-36652","post","type-post","status-publish","format-image","has-post-thumbnail","hentry","category-cultura-entretenimiento","category-deliberando","category-diario-armstrong","category-politica","category-region","tag-clerici","tag-con","tag-conicet","tag-el","tag-impulsa","tag-trabajo","post_format-post-format-image"],"jetpack_publicize_connections":[],"jetpack_featured_media_url":"https:\/\/armstrongyregion.com.ar\/diario\/wp-content\/uploads\/2022\/11\/conicet-27-11-22-.jpg","jetpack_shortlink":"https:\/\/wp.me\/p62QDO-9xa","jetpack_sharing_enabled":true,"amp_enabled":true,"_links":{"self":[{"href":"https:\/\/armstrongyregion.com.ar\/diario\/wp-json\/wp\/v2\/posts\/36652","targetHints":{"allow":["GET"]}}],"collection":[{"href":"https:\/\/armstrongyregion.com.ar\/diario\/wp-json\/wp\/v2\/posts"}],"about":[{"href":"https:\/\/armstrongyregion.com.ar\/diario\/wp-json\/wp\/v2\/types\/post"}],"author":[{"embeddable":true,"href":"https:\/\/armstrongyregion.com.ar\/diario\/wp-json\/wp\/v2\/users\/1"}],"replies":[{"embeddable":true,"href":"https:\/\/armstrongyregion.com.ar\/diario\/wp-json\/wp\/v2\/comments?post=36652"}],"version-history":[{"count":2,"href":"https:\/\/armstrongyregion.com.ar\/diario\/wp-json\/wp\/v2\/posts\/36652\/revisions"}],"predecessor-version":[{"id":36679,"href":"https:\/\/armstrongyregion.com.ar\/diario\/wp-json\/wp\/v2\/posts\/36652\/revisions\/36679"}],"wp:featuredmedia":[{"embeddable":true,"href":"https:\/\/armstrongyregion.com.ar\/diario\/wp-json\/wp\/v2\/media\/36653"}],"wp:attachment":[{"href":"https:\/\/armstrongyregion.com.ar\/diario\/wp-json\/wp\/v2\/media?parent=36652"}],"wp:term":[{"taxonomy":"category","embeddable":true,"href":"https:\/\/armstrongyregion.com.ar\/diario\/wp-json\/wp\/v2\/categories?post=36652"},{"taxonomy":"post_tag","embeddable":true,"href":"https:\/\/armstrongyregion.com.ar\/diario\/wp-json\/wp\/v2\/tags?post=36652"}],"curies":[{"name":"wp","href":"https:\/\/api.w.org\/{rel}","templated":true}]}}