{"id":36649,"date":"2022-11-27T22:30:24","date_gmt":"2022-11-27T22:30:24","guid":{"rendered":"https:\/\/armstrongyregion.com.ar\/diario\/?p=36649"},"modified":"2022-11-27T22:30:28","modified_gmt":"2022-11-27T22:30:28","slug":"el-socialismo-destaco-la-responsabilidad-de-darle-presupuesto-a-perotti-en-su-ultimo-ano-de-gestion","status":"publish","type":"post","link":"https:\/\/armstrongyregion.com.ar\/diario\/el-socialismo-destaco-la-responsabilidad-de-darle-presupuesto-a-perotti-en-su-ultimo-ano-de-gestion\/","title":{"rendered":"El socialismo destac\u00f3 \u00abLa Responsabilidad\u00bb de darle presupuesto a Perotti en su \u00faltimo a\u00f1o de gesti\u00f3n."},"content":{"rendered":"\n<figure class=\"wp-block-image size-full\"><a href=\"http:\/\/armstrongyregion.com.ar\/diario\/wp-content\/uploads\/2022\/11\/socialismo-27-11-22-.jpg\"><img loading=\"lazy\" decoding=\"async\" width=\"640\" height=\"427\" src=\"http:\/\/armstrongyregion.com.ar\/diario\/wp-content\/uploads\/2022\/11\/socialismo-27-11-22-.jpg\" alt=\"\" class=\"wp-image-36650\" srcset=\"https:\/\/armstrongyregion.com.ar\/diario\/wp-content\/uploads\/2022\/11\/socialismo-27-11-22-.jpg 640w, https:\/\/armstrongyregion.com.ar\/diario\/wp-content\/uploads\/2022\/11\/socialismo-27-11-22--300x200.jpg 300w\" sizes=\"auto, (max-width: 640px) 100vw, 640px\" \/><\/a><\/figure>\n\n\n\n<h2 class=\"wp-block-heading\">Clara Garc\u00eda destac\u00f3 las modificaciones realizadas en beneficio de los municipios. Joaqu\u00edn Blanco advirti\u00f3 que controlar\u00e1n que los recursos \u201csean invertidos correctamente\u201d.<\/h2>\n\n\n\n<p>Luego de introducir algunas modificaciones a los mensajes provenientes del Senado, la C\u00e1mara de Diputadas y Diputados aprob\u00f3 por amplia mayor\u00eda el Presupuesto 2023 y la Ley Tributaria correspondiente a dicho ejercicio. Ahora ambas iniciativas deber\u00e1n ser revisadas por los senadores el martes pr\u00f3ximo.<\/p>\n\n\n\n<p>La diputada provincial Clara Garc\u00eda (Bloque Socialista) remarc\u00f3 \u201cla responsabilidad\u201d de quienes son opositores al garantizar \u201cel presupuesto para el \u00faltimo a\u00f1o de la gesti\u00f3n del gobernador (Omar) Perotti\u201d, teniendo en cuenta que tiene minor\u00eda en la C\u00e1mara baja.&nbsp;&nbsp;<\/p>\n\n\n\n<p>En consonancia, el presidente del bloque socialista, Joaqu\u00edn Blanco, se\u00f1al\u00f3 que apuntaron a \u201cevitar la p\u00e9sima experiencia que gener\u00f3 el Ejecutivo el a\u00f1o pasado, que no permiti\u00f3 tener el presupuesto hasta el mes de marzo\u201d.<\/p>\n\n\n\n<p>Garc\u00eda record\u00f3 que desde el socialismo fueron \u201cmuy cr\u00edticos de este gobierno en lo que hace a las cuestiones presupuestarias\u201d y fundament\u00f3 dicha postura: \u201cPerotti ha preferido tener los fondos guardados en el banco en lugar de hacer las obras que vecinos y vecinas necesitan y de brindar los apoyos sociales necesarios en distintos momentos\u201d.&nbsp;<\/p>\n\n\n\n<p>Tambi\u00e9n afirm\u00f3 que la actual gesti\u00f3n \u201cha hecho diferencias entre los municipios seg\u00fan el color pol\u00edtico\u201d y, en tal sentido, explic\u00f3 que algunas de las modificaciones realizadas apuntan, por ejemplo, a que \u201cel presupuesto respete los fondos requeridos por municipios que gestionaron la salud p\u00fablica durante la pandemia y las inversiones en seguridad, tanto en grandes ciudades como en poblaciones m\u00e1s chicas e inclusive, rurales, donde es una gran preocupaci\u00f3n\u201d.<\/p>\n\n\n\n<p>Al respecto, Blanco destac\u00f3 que la intenci\u00f3n fue \u201cbuscar coincidencias, hacer planteos razonables, realistas y, sobre todo, cuidar los recursos de los santafesinos de modo que sean invertidos correctamente, evitando arbitrariedades y discrecionalidades en un a\u00f1o electoral\u201d.<\/p>\n\n\n\n<p>Garc\u00eda ampli\u00f3 esa visi\u00f3n: \u201cEl gobernador tendr\u00e1 los recursos y tributos que necesita y tambi\u00e9n autorizaci\u00f3n para tomar deuda, algo con lo no acordamos pero donde igual decidimos no atarle las manos. Vamos a ser custodios de que esos fondos cubran las necesidades de la gente y no suceda lo mismo que con aquellos $3.000 millones aportados por el gobierno nacional para seguridad, que nunca se invirtieron y hoy han perdido su valor\u201d.<\/p>\n","protected":false},"excerpt":{"rendered":"<p>Clara Garc\u00eda destac\u00f3 las modificaciones realizadas en beneficio de los municipios. Joaqu\u00edn Blanco advirti\u00f3 que controlar\u00e1n que los recursos \u201csean invertidos correctamente\u201d. Luego de introducir algunas modificaciones a los mensajes provenientes del Senado, la C\u00e1mara de Diputadas y Diputados aprob\u00f3 por amplia mayor\u00eda el Presupuesto 2023 y la Ley Tributaria correspondiente a dicho ejercicio. Ahora <a href=\"https:\/\/armstrongyregion.com.ar\/diario\/el-socialismo-destaco-la-responsabilidad-de-darle-presupuesto-a-perotti-en-su-ultimo-ano-de-gestion\/\" title=\"Read more\" >&#8230;<\/a><\/p>\n","protected":false},"author":1,"featured_media":36650,"comment_status":"open","ping_status":"open","sticky":false,"template":"","format":"image","meta":{"_jetpack_memberships_contains_paid_content":false,"footnotes":"","jetpack_publicize_message":"","jetpack_publicize_feature_enabled":true,"jetpack_social_post_already_shared":true,"jetpack_social_options":{"image_generator_settings":{"template":"highway","default_image_id":0,"enabled":false},"version":2}},"categories":[8,1,2,7,3],"tags":[19,53,16,31,1409,3114,3330,5045],"class_list":["post-36649","post","type-post","status-publish","format-image","has-post-thumbnail","hentry","category-deliberando","category-diario-armstrong","category-locales","category-politica","category-region","tag-de","tag-del","tag-el","tag-la","tag-perotti","tag-presupuesto","tag-responsabilidad","tag-socialismo","post_format-post-format-image"],"jetpack_publicize_connections":[],"jetpack_featured_media_url":"https:\/\/armstrongyregion.com.ar\/diario\/wp-content\/uploads\/2022\/11\/socialismo-27-11-22-.jpg","jetpack_shortlink":"https:\/\/wp.me\/p62QDO-9x7","jetpack_sharing_enabled":true,"amp_enabled":true,"_links":{"self":[{"href":"https:\/\/armstrongyregion.com.ar\/diario\/wp-json\/wp\/v2\/posts\/36649","targetHints":{"allow":["GET"]}}],"collection":[{"href":"https:\/\/armstrongyregion.com.ar\/diario\/wp-json\/wp\/v2\/posts"}],"about":[{"href":"https:\/\/armstrongyregion.com.ar\/diario\/wp-json\/wp\/v2\/types\/post"}],"author":[{"embeddable":true,"href":"https:\/\/armstrongyregion.com.ar\/diario\/wp-json\/wp\/v2\/users\/1"}],"replies":[{"embeddable":true,"href":"https:\/\/armstrongyregion.com.ar\/diario\/wp-json\/wp\/v2\/comments?post=36649"}],"version-history":[{"count":1,"href":"https:\/\/armstrongyregion.com.ar\/diario\/wp-json\/wp\/v2\/posts\/36649\/revisions"}],"predecessor-version":[{"id":36651,"href":"https:\/\/armstrongyregion.com.ar\/diario\/wp-json\/wp\/v2\/posts\/36649\/revisions\/36651"}],"wp:featuredmedia":[{"embeddable":true,"href":"https:\/\/armstrongyregion.com.ar\/diario\/wp-json\/wp\/v2\/media\/36650"}],"wp:attachment":[{"href":"https:\/\/armstrongyregion.com.ar\/diario\/wp-json\/wp\/v2\/media?parent=36649"}],"wp:term":[{"taxonomy":"category","embeddable":true,"href":"https:\/\/armstrongyregion.com.ar\/diario\/wp-json\/wp\/v2\/categories?post=36649"},{"taxonomy":"post_tag","embeddable":true,"href":"https:\/\/armstrongyregion.com.ar\/diario\/wp-json\/wp\/v2\/tags?post=36649"}],"curies":[{"name":"wp","href":"https:\/\/api.w.org\/{rel}","templated":true}]}}