{"id":36636,"date":"2022-11-25T22:25:47","date_gmt":"2022-11-25T22:25:47","guid":{"rendered":"https:\/\/armstrongyregion.com.ar\/diario\/?p=36636"},"modified":"2022-11-25T22:25:51","modified_gmt":"2022-11-25T22:25:51","slug":"el-diputado-provincial-de-la-coalicion-civica-sebastian-julierac-visito-nuestra-ciudad","status":"publish","type":"post","link":"https:\/\/armstrongyregion.com.ar\/diario\/el-diputado-provincial-de-la-coalicion-civica-sebastian-julierac-visito-nuestra-ciudad\/","title":{"rendered":"El Diputado Provincial de la Coalici\u00f3n C\u00edvica Sebasti\u00e1n Julierac visit\u00f3 nuestra ciudad."},"content":{"rendered":"\n<figure class=\"wp-block-image size-full\"><a href=\"http:\/\/armstrongyregion.com.ar\/diario\/wp-content\/uploads\/2022\/11\/Diputado-coalicion.jpg\"><img loading=\"lazy\" decoding=\"async\" width=\"678\" height=\"382\" src=\"http:\/\/armstrongyregion.com.ar\/diario\/wp-content\/uploads\/2022\/11\/Diputado-coalicion.jpg\" alt=\"\" class=\"wp-image-36637\" srcset=\"https:\/\/armstrongyregion.com.ar\/diario\/wp-content\/uploads\/2022\/11\/Diputado-coalicion.jpg 678w, https:\/\/armstrongyregion.com.ar\/diario\/wp-content\/uploads\/2022\/11\/Diputado-coalicion-300x169.jpg 300w\" sizes=\"auto, (max-width: 678px) 100vw, 678px\" \/><\/a><\/figure>\n\n\n\n<p>El pasado viernes 18 de noviembre, referentes de la Coalici\u00f3n C\u00edvica  recibieron la visita del Diputado Provincial de la Coalici\u00f3n C\u00edvica Sebasti\u00e1n Julierac, y aprovecharon su presencia para contactarlo con dos Instituciones muy queridas de nuestra ciudad: A.V.E. y Bomberos Voluntarios. <\/p>\n\n\n\n<p><\/p>\n\n\n\n<p><\/p>\n\n\n\n<figure class=\"wp-block-image size-full\"><a href=\"http:\/\/armstrongyregion.com.ar\/diario\/wp-content\/uploads\/2022\/11\/coalicion-1-.jpg\"><img loading=\"lazy\" decoding=\"async\" width=\"720\" height=\"396\" src=\"http:\/\/armstrongyregion.com.ar\/diario\/wp-content\/uploads\/2022\/11\/coalicion-1-.jpg\" alt=\"\" class=\"wp-image-36638\" srcset=\"https:\/\/armstrongyregion.com.ar\/diario\/wp-content\/uploads\/2022\/11\/coalicion-1-.jpg 720w, https:\/\/armstrongyregion.com.ar\/diario\/wp-content\/uploads\/2022\/11\/coalicion-1--300x165.jpg 300w\" sizes=\"auto, (max-width: 720px) 100vw, 720px\" \/><\/a><\/figure>\n\n\n\n<figure class=\"wp-block-image size-full\"><a href=\"http:\/\/armstrongyregion.com.ar\/diario\/wp-content\/uploads\/2022\/11\/coalicion-3-.jpg\"><img loading=\"lazy\" decoding=\"async\" width=\"575\" height=\"394\" src=\"http:\/\/armstrongyregion.com.ar\/diario\/wp-content\/uploads\/2022\/11\/coalicion-3-.jpg\" alt=\"\" class=\"wp-image-36639\" srcset=\"https:\/\/armstrongyregion.com.ar\/diario\/wp-content\/uploads\/2022\/11\/coalicion-3-.jpg 575w, https:\/\/armstrongyregion.com.ar\/diario\/wp-content\/uploads\/2022\/11\/coalicion-3--300x206.jpg 300w\" sizes=\"auto, (max-width: 575px) 100vw, 575px\" \/><\/a><\/figure>\n","protected":false},"excerpt":{"rendered":"<p>El pasado viernes 18 de noviembre, referentes de la Coalici\u00f3n C\u00edvica recibieron la visita del Diputado Provincial de la Coalici\u00f3n C\u00edvica Sebasti\u00e1n Julierac, y aprovecharon su presencia para contactarlo con dos Instituciones muy queridas de nuestra ciudad: A.V.E. y Bomberos Voluntarios.<\/p>\n","protected":false},"author":1,"featured_media":0,"comment_status":"open","ping_status":"open","sticky":false,"template":"","format":"image","meta":{"_jetpack_memberships_contains_paid_content":false,"footnotes":"","jetpack_publicize_message":"","jetpack_publicize_feature_enabled":true,"jetpack_social_post_already_shared":true,"jetpack_social_options":{"image_generator_settings":{"template":"highway","default_image_id":0,"enabled":false},"version":2}},"categories":[8,1,2,7],"tags":[20,1458,16,210],"class_list":["post-36636","post","type-post","status-publish","format-image","hentry","category-deliberando","category-diario-armstrong","category-locales","category-politica","tag-armstrong","tag-diputado","tag-el","tag-visito","post_format-post-format-image"],"jetpack_publicize_connections":[],"jetpack_featured_media_url":"","jetpack_shortlink":"https:\/\/wp.me\/p62QDO-9wU","jetpack_sharing_enabled":true,"amp_enabled":true,"_links":{"self":[{"href":"https:\/\/armstrongyregion.com.ar\/diario\/wp-json\/wp\/v2\/posts\/36636","targetHints":{"allow":["GET"]}}],"collection":[{"href":"https:\/\/armstrongyregion.com.ar\/diario\/wp-json\/wp\/v2\/posts"}],"about":[{"href":"https:\/\/armstrongyregion.com.ar\/diario\/wp-json\/wp\/v2\/types\/post"}],"author":[{"embeddable":true,"href":"https:\/\/armstrongyregion.com.ar\/diario\/wp-json\/wp\/v2\/users\/1"}],"replies":[{"embeddable":true,"href":"https:\/\/armstrongyregion.com.ar\/diario\/wp-json\/wp\/v2\/comments?post=36636"}],"version-history":[{"count":1,"href":"https:\/\/armstrongyregion.com.ar\/diario\/wp-json\/wp\/v2\/posts\/36636\/revisions"}],"predecessor-version":[{"id":36640,"href":"https:\/\/armstrongyregion.com.ar\/diario\/wp-json\/wp\/v2\/posts\/36636\/revisions\/36640"}],"wp:attachment":[{"href":"https:\/\/armstrongyregion.com.ar\/diario\/wp-json\/wp\/v2\/media?parent=36636"}],"wp:term":[{"taxonomy":"category","embeddable":true,"href":"https:\/\/armstrongyregion.com.ar\/diario\/wp-json\/wp\/v2\/categories?post=36636"},{"taxonomy":"post_tag","embeddable":true,"href":"https:\/\/armstrongyregion.com.ar\/diario\/wp-json\/wp\/v2\/tags?post=36636"}],"curies":[{"name":"wp","href":"https:\/\/api.w.org\/{rel}","templated":true}]}}