{"id":36629,"date":"2022-11-25T22:13:00","date_gmt":"2022-11-25T22:13:00","guid":{"rendered":"https:\/\/armstrongyregion.com.ar\/diario\/?p=36629"},"modified":"2022-11-25T22:13:04","modified_gmt":"2022-11-25T22:13:04","slug":"canada-de-gomez-actividades-del-fin-de-semana","status":"publish","type":"post","link":"https:\/\/armstrongyregion.com.ar\/diario\/canada-de-gomez-actividades-del-fin-de-semana\/","title":{"rendered":"Ca\u00f1ada de G\u00f3mez. Actividades del fin de semana."},"content":{"rendered":"\n<figure class=\"wp-block-image size-full\"><a href=\"http:\/\/armstrongyregion.com.ar\/diario\/wp-content\/uploads\/2022\/11\/musica-cubana.png\"><img loading=\"lazy\" decoding=\"async\" width=\"541\" height=\"676\" src=\"http:\/\/armstrongyregion.com.ar\/diario\/wp-content\/uploads\/2022\/11\/musica-cubana.png\" alt=\"\" class=\"wp-image-36630\" srcset=\"https:\/\/armstrongyregion.com.ar\/diario\/wp-content\/uploads\/2022\/11\/musica-cubana.png 541w, https:\/\/armstrongyregion.com.ar\/diario\/wp-content\/uploads\/2022\/11\/musica-cubana-240x300.png 240w\" sizes=\"auto, (max-width: 541px) 100vw, 541px\" \/><\/a><\/figure>\n\n\n\n<p>A continuaci\u00f3n, compartimos las actividades que se desarrollar\u00e1n organizadas o acompa\u00f1adas por la gesti\u00f3n municipal en diferentes lugares y espacios p\u00fablicos de la ciudad.<\/p>\n\n\n\n<figure class=\"wp-block-image size-full\"><a href=\"http:\/\/armstrongyregion.com.ar\/diario\/wp-content\/uploads\/2022\/11\/FEED-MARIO-1.png\"><img loading=\"lazy\" decoding=\"async\" width=\"324\" height=\"324\" src=\"http:\/\/armstrongyregion.com.ar\/diario\/wp-content\/uploads\/2022\/11\/FEED-MARIO-1.png\" alt=\"\" class=\"wp-image-36631\" srcset=\"https:\/\/armstrongyregion.com.ar\/diario\/wp-content\/uploads\/2022\/11\/FEED-MARIO-1.png 324w, https:\/\/armstrongyregion.com.ar\/diario\/wp-content\/uploads\/2022\/11\/FEED-MARIO-1-300x300.png 300w, https:\/\/armstrongyregion.com.ar\/diario\/wp-content\/uploads\/2022\/11\/FEED-MARIO-1-150x150.png 150w\" sizes=\"auto, (max-width: 324px) 100vw, 324px\" \/><\/a><\/figure>\n\n\n\n<p>VIERNES 25<\/p>\n\n\n\n<p>15.30 Hs a 19 Hs.&nbsp; Rosario en presencia de la imagen de la Virgen de Itat\u00ed en Bvard Centenario y Quintana.<\/p>\n\n\n\n<p>19.30 Hs Reconocimiento a personalidades del b\u00e1squet ca\u00f1adense en el SUM del Parque Municipal.<\/p>\n\n\n\n<p>21.00 Hs Mario Molini y Andres To\u00f1any presentan \u201cDos Tenores En Un Viaje Al Alma Musical\u201d, en Casa Del Bicentenario.<\/p>\n\n\n\n<figure class=\"wp-block-image size-full\"><a href=\"http:\/\/armstrongyregion.com.ar\/diario\/wp-content\/uploads\/2022\/11\/FEED-ROCK-METAL-Y-SU-HISTORIA-MUESTRA.png\"><img loading=\"lazy\" decoding=\"async\" width=\"541\" height=\"676\" src=\"http:\/\/armstrongyregion.com.ar\/diario\/wp-content\/uploads\/2022\/11\/FEED-ROCK-METAL-Y-SU-HISTORIA-MUESTRA.png\" alt=\"\" class=\"wp-image-36632\" srcset=\"https:\/\/armstrongyregion.com.ar\/diario\/wp-content\/uploads\/2022\/11\/FEED-ROCK-METAL-Y-SU-HISTORIA-MUESTRA.png 541w, https:\/\/armstrongyregion.com.ar\/diario\/wp-content\/uploads\/2022\/11\/FEED-ROCK-METAL-Y-SU-HISTORIA-MUESTRA-240x300.png 240w\" sizes=\"auto, (max-width: 541px) 100vw, 541px\" \/><\/a><\/figure>\n\n\n\n<p>22.00 Hs Despedida de A\u00f1o en Club San Martin.<\/p>\n\n\n\n<figure class=\"wp-block-image size-full\"><a href=\"http:\/\/armstrongyregion.com.ar\/diario\/wp-content\/uploads\/2022\/11\/encuentro-de-musica-popular-banda-municipal.png\"><img loading=\"lazy\" decoding=\"async\" width=\"324\" height=\"324\" src=\"http:\/\/armstrongyregion.com.ar\/diario\/wp-content\/uploads\/2022\/11\/encuentro-de-musica-popular-banda-municipal.png\" alt=\"\" class=\"wp-image-36633\" srcset=\"https:\/\/armstrongyregion.com.ar\/diario\/wp-content\/uploads\/2022\/11\/encuentro-de-musica-popular-banda-municipal.png 324w, https:\/\/armstrongyregion.com.ar\/diario\/wp-content\/uploads\/2022\/11\/encuentro-de-musica-popular-banda-municipal-300x300.png 300w, https:\/\/armstrongyregion.com.ar\/diario\/wp-content\/uploads\/2022\/11\/encuentro-de-musica-popular-banda-municipal-150x150.png 150w\" sizes=\"auto, (max-width: 324px) 100vw, 324px\" \/><\/a><\/figure>\n\n\n\n<p>S\u00c1BADO 26<\/p>\n\n\n\n<p>15.00 Hs.&nbsp; Taller de Reparaci\u00f3n Participativa en Escuela Municipal Pedro Re\u00fcn.<\/p>\n\n\n\n<p>20.00 Hs.&nbsp; Encuentro de Cumbia Cruzada \u201cAcademia Simplemente por Bailar\u201d, en Club Arroyito.<\/p>\n\n\n\n<p>20.30 Hs.&nbsp; Obra Teatral \u201cNo Hay Ladr\u00f3n Que Por Bien No Venga\u201d, en Biblioteca Rivadavia.<\/p>\n\n\n\n<p>21.00 Hs.&nbsp; M\u00fasica Cubana con El Trio Santa Clara &#8211; Casa Del Bicentenario.<\/p>\n\n\n\n<p>DOMINGO 27<\/p>\n\n\n\n<p>9.00 Hs.&nbsp; Gran Desfile y Show en vivo, organizado por Centro Tradicionalista Alma Gaucha.<\/p>\n\n\n\n<p>14.00 Hs. Te Tropical organizado por \u201cMeda Cumbia\u201d, en Sum Parque Municipal.<\/p>\n\n\n\n<p>17.00 Hs. Velada de fin de a\u00f1o del Jard\u00edn Maternal \u00abAndares\u00bb, en Auditorio Santa Cecilia.&nbsp;<\/p>\n\n\n\n<p>18.00 Hs. Kermesse de La Infancia y Jornada por el D\u00eda Mundial de los Derechos de las Infancias, en Plaza San Martin.&nbsp;&nbsp;<\/p>\n\n\n\n<p>19.00 Hs. Muestra Regional \u201cEl Rock Metal Cuenta Su Historia\u201d, en Museo Hist\u00f3rico Municipal<\/p>\n\n\n\n<p>19.00 Hs. Encuentro de M\u00fasica Popular y Cierre de A\u00f1o de la Banda Municipal \u00bb Vicente Beltr\u00e1n\u00bb, en Casa Del Bicentenario<\/p>\n\n\n\n<p>20.30 Hs. Obra Teatral \u201cNo Hay Ladr\u00f3n Que Por Bien No Venga\u201d, en Biblioteca Rivadavia<\/p>\n","protected":false},"excerpt":{"rendered":"<p>A continuaci\u00f3n, compartimos las actividades que se desarrollar\u00e1n organizadas o acompa\u00f1adas por la gesti\u00f3n municipal en diferentes lugares y espacios p\u00fablicos de la ciudad. VIERNES 25 15.30 Hs a 19 Hs.&nbsp; Rosario en presencia de la imagen de la Virgen de Itat\u00ed en Bvard Centenario y Quintana. 19.30 Hs Reconocimiento a personalidades del b\u00e1squet ca\u00f1adense <a href=\"https:\/\/armstrongyregion.com.ar\/diario\/canada-de-gomez-actividades-del-fin-de-semana\/\" title=\"Read more\" >&#8230;<\/a><\/p>\n","protected":false},"author":1,"featured_media":36630,"comment_status":"open","ping_status":"open","sticky":false,"template":"","format":"image","meta":{"_jetpack_memberships_contains_paid_content":false,"footnotes":"","jetpack_publicize_message":"","jetpack_publicize_feature_enabled":true,"jetpack_social_post_already_shared":true,"jetpack_social_options":{"image_generator_settings":{"template":"highway","default_image_id":0,"enabled":false},"version":2}},"categories":[6,8,1,7,3],"tags":[263,163,53,1294,164,919],"class_list":["post-36629","post","type-post","status-publish","format-image","has-post-thumbnail","hentry","category-cultura-entretenimiento","category-deliberando","category-diario-armstrong","category-politica","category-region","tag-actividades","tag-canada","tag-del","tag-fin","tag-gomez","tag-semana","post_format-post-format-image"],"jetpack_publicize_connections":[],"jetpack_featured_media_url":"https:\/\/armstrongyregion.com.ar\/diario\/wp-content\/uploads\/2022\/11\/musica-cubana.png","jetpack_shortlink":"https:\/\/wp.me\/p62QDO-9wN","jetpack_sharing_enabled":true,"amp_enabled":true,"_links":{"self":[{"href":"https:\/\/armstrongyregion.com.ar\/diario\/wp-json\/wp\/v2\/posts\/36629","targetHints":{"allow":["GET"]}}],"collection":[{"href":"https:\/\/armstrongyregion.com.ar\/diario\/wp-json\/wp\/v2\/posts"}],"about":[{"href":"https:\/\/armstrongyregion.com.ar\/diario\/wp-json\/wp\/v2\/types\/post"}],"author":[{"embeddable":true,"href":"https:\/\/armstrongyregion.com.ar\/diario\/wp-json\/wp\/v2\/users\/1"}],"replies":[{"embeddable":true,"href":"https:\/\/armstrongyregion.com.ar\/diario\/wp-json\/wp\/v2\/comments?post=36629"}],"version-history":[{"count":2,"href":"https:\/\/armstrongyregion.com.ar\/diario\/wp-json\/wp\/v2\/posts\/36629\/revisions"}],"predecessor-version":[{"id":36635,"href":"https:\/\/armstrongyregion.com.ar\/diario\/wp-json\/wp\/v2\/posts\/36629\/revisions\/36635"}],"wp:featuredmedia":[{"embeddable":true,"href":"https:\/\/armstrongyregion.com.ar\/diario\/wp-json\/wp\/v2\/media\/36630"}],"wp:attachment":[{"href":"https:\/\/armstrongyregion.com.ar\/diario\/wp-json\/wp\/v2\/media?parent=36629"}],"wp:term":[{"taxonomy":"category","embeddable":true,"href":"https:\/\/armstrongyregion.com.ar\/diario\/wp-json\/wp\/v2\/categories?post=36629"},{"taxonomy":"post_tag","embeddable":true,"href":"https:\/\/armstrongyregion.com.ar\/diario\/wp-json\/wp\/v2\/tags?post=36629"}],"curies":[{"name":"wp","href":"https:\/\/api.w.org\/{rel}","templated":true}]}}