{"id":3662,"date":"2015-08-20T13:46:41","date_gmt":"2015-08-20T13:46:41","guid":{"rendered":"https:\/\/armstrongyregion.com.ar\/diario\/?p=3662"},"modified":"2015-08-20T13:46:41","modified_gmt":"2015-08-20T13:46:41","slug":"armstrong-jornada-sobre-psiquiatria-2015","status":"publish","type":"post","link":"https:\/\/armstrongyregion.com.ar\/diario\/armstrong-jornada-sobre-psiquiatria-2015\/","title":{"rendered":"Armstrong. Jornada sobre Psiquiatr\u00eda 2015."},"content":{"rendered":"<p><a href=\"http:\/\/armstrongyregion.com.ar\/diario\/wp-content\/uploads\/2015\/08\/psiquiatriaagosto.jpg\"><img loading=\"lazy\" decoding=\"async\" class=\"alignnone size-medium wp-image-3663\" src=\"http:\/\/armstrongyregion.com.ar\/diario\/wp-content\/uploads\/2015\/08\/psiquiatriaagosto-300x225.jpg\" alt=\"psiquiatriaagosto\" width=\"300\" height=\"225\" srcset=\"https:\/\/armstrongyregion.com.ar\/diario\/wp-content\/uploads\/2015\/08\/psiquiatriaagosto-300x225.jpg 300w, https:\/\/armstrongyregion.com.ar\/diario\/wp-content\/uploads\/2015\/08\/psiquiatriaagosto-1024x768.jpg 1024w, https:\/\/armstrongyregion.com.ar\/diario\/wp-content\/uploads\/2015\/08\/psiquiatriaagosto.jpg 1600w\" sizes=\"auto, (max-width: 300px) 100vw, 300px\" \/><\/a>El d\u00eda mi\u00e9rcoles 19 de agosto se concret\u00f3 la jornada \u201cEl Psiquiatra en APS, intervenci\u00f3n interdisciplinaria. Psiquiatra de enlace\u201d, organizada por la Municipalidad de Armstrong a trav\u00e9s de la Secretar\u00eda de Salud y Promoci\u00f3n Comunitaria, en el marco de la Mesa de Adicciones.<\/p>\n<p>La misma fue dictada y coordinada por el Dr. Psiquiatra Marcelo Alejandro Lemoine y participaron representantes de la comisar\u00eda local, S.A.M.Co. y S.U.S.A.M.Co., y equipos de trabajo de las \u00e1reas municipales.<\/p>\n<p>El objetivo de esta propuesta es fortalecer los equipos de trabajo en conceptos de tratamientos en el orden psicosocial. En un primer momento se trabaj\u00f3 con el grupo de la Secretar\u00eda organizadora y, en una segunda etapa, se realiz\u00f3 con las instituciones invitadas.<\/p>\n<p>Uno de los puntos centrales tratados fue la tendencia de la asistencia en temas de psiquiatr\u00eda, el abordaje cl\u00ednico din\u00e1mico dentro de la psiquiatr\u00eda, especialmente la atenci\u00f3n a personas con adicciones, y psiquiatr\u00eda de enlace, es decir, la generaci\u00f3n de red para el tratamiento, contenci\u00f3n y\/o fortalecimiento del grupo familiar ante determinadas problem\u00e1ticas.<\/p>\n<p>Si bien ya existe un contacto peri\u00f3dico con el especialista por casos espec\u00edficos tratados por los profesionales de la Secretar\u00eda, a partir de este encuentro pueden programarse actividades conjuntas para reforzar este tipo de asistencia o atenci\u00f3n a ciudadanos de la localidad.<\/p>\n","protected":false},"excerpt":{"rendered":"<p>El d\u00eda mi\u00e9rcoles 19 de agosto se concret\u00f3 la jornada \u201cEl Psiquiatra en APS, intervenci\u00f3n interdisciplinaria. Psiquiatra de enlace\u201d, organizada por la Municipalidad de Armstrong a trav\u00e9s de la Secretar\u00eda de Salud y Promoci\u00f3n Comunitaria, en el marco de la Mesa de Adicciones. La misma fue dictada y coordinada por el Dr. Psiquiatra Marcelo Alejandro <a href=\"https:\/\/armstrongyregion.com.ar\/diario\/armstrong-jornada-sobre-psiquiatria-2015\/\" title=\"Read more\" >&#8230;<\/a><\/p>\n","protected":false},"author":2,"featured_media":3663,"comment_status":"open","ping_status":"open","sticky":false,"template":"","format":"standard","meta":{"_jetpack_memberships_contains_paid_content":false,"footnotes":"","jetpack_publicize_message":"","jetpack_publicize_feature_enabled":true,"jetpack_social_post_already_shared":false,"jetpack_social_options":{"image_generator_settings":{"template":"highway","default_image_id":0,"enabled":false},"version":2}},"categories":[1,2,4],"tags":[214,1291,2543,118],"class_list":["post-3662","post","type-post","status-publish","format-standard","has-post-thumbnail","hentry","category-diario-armstrong","category-locales","category-prevencion-salud","tag-214","tag-jornada","tag-psiquiatria","tag-sobre"],"jetpack_publicize_connections":[],"jetpack_featured_media_url":"https:\/\/armstrongyregion.com.ar\/diario\/wp-content\/uploads\/2015\/08\/psiquiatriaagosto.jpg","jetpack_shortlink":"https:\/\/wp.me\/p62QDO-X4","jetpack_sharing_enabled":true,"amp_enabled":true,"_links":{"self":[{"href":"https:\/\/armstrongyregion.com.ar\/diario\/wp-json\/wp\/v2\/posts\/3662","targetHints":{"allow":["GET"]}}],"collection":[{"href":"https:\/\/armstrongyregion.com.ar\/diario\/wp-json\/wp\/v2\/posts"}],"about":[{"href":"https:\/\/armstrongyregion.com.ar\/diario\/wp-json\/wp\/v2\/types\/post"}],"author":[{"embeddable":true,"href":"https:\/\/armstrongyregion.com.ar\/diario\/wp-json\/wp\/v2\/users\/2"}],"replies":[{"embeddable":true,"href":"https:\/\/armstrongyregion.com.ar\/diario\/wp-json\/wp\/v2\/comments?post=3662"}],"version-history":[{"count":0,"href":"https:\/\/armstrongyregion.com.ar\/diario\/wp-json\/wp\/v2\/posts\/3662\/revisions"}],"wp:featuredmedia":[{"embeddable":true,"href":"https:\/\/armstrongyregion.com.ar\/diario\/wp-json\/wp\/v2\/media\/3663"}],"wp:attachment":[{"href":"https:\/\/armstrongyregion.com.ar\/diario\/wp-json\/wp\/v2\/media?parent=3662"}],"wp:term":[{"taxonomy":"category","embeddable":true,"href":"https:\/\/armstrongyregion.com.ar\/diario\/wp-json\/wp\/v2\/categories?post=3662"},{"taxonomy":"post_tag","embeddable":true,"href":"https:\/\/armstrongyregion.com.ar\/diario\/wp-json\/wp\/v2\/tags?post=3662"}],"curies":[{"name":"wp","href":"https:\/\/api.w.org\/{rel}","templated":true}]}}