{"id":36611,"date":"2022-11-24T21:24:38","date_gmt":"2022-11-24T21:24:38","guid":{"rendered":"https:\/\/armstrongyregion.com.ar\/diario\/?p=36611"},"modified":"2022-11-24T21:24:45","modified_gmt":"2022-11-24T21:24:45","slug":"circunvalar-santa-fe-las-obras-avanzan-a-buen-ritmo","status":"publish","type":"post","link":"https:\/\/armstrongyregion.com.ar\/diario\/circunvalar-santa-fe-las-obras-avanzan-a-buen-ritmo\/","title":{"rendered":"Circunvalar Santa Fe: Las obras avanzan a buen ritmo."},"content":{"rendered":"\n<figure class=\"wp-block-image size-full\"><a href=\"http:\/\/armstrongyregion.com.ar\/diario\/wp-content\/uploads\/2022\/11\/eli-g-1-.jpg\"><img loading=\"lazy\" decoding=\"async\" width=\"640\" height=\"427\" src=\"http:\/\/armstrongyregion.com.ar\/diario\/wp-content\/uploads\/2022\/11\/eli-g-1-.jpg\" alt=\"\" class=\"wp-image-36612\" srcset=\"https:\/\/armstrongyregion.com.ar\/diario\/wp-content\/uploads\/2022\/11\/eli-g-1-.jpg 640w, https:\/\/armstrongyregion.com.ar\/diario\/wp-content\/uploads\/2022\/11\/eli-g-1--300x200.jpg 300w\" sizes=\"auto, (max-width: 640px) 100vw, 640px\" \/><\/a><\/figure>\n\n\n\n<p>El Gobernador de la Provincia, Omar Perotti, junto al Presidente de Trenes Argentinos, Mart\u00edn Marinucci, la Directora de Trenes Argentinos, Eliana Gramigna y la Ministra de Infraestructura, Servicios P\u00fablicas y H\u00e1bitat Silvina Frana, recorri\u00f3 las obras ferroviarias en marcha del Circunvalar Ferroviario Santa Fe, obra que evitar\u00e1 el paso del tren de carga por el ejido urbano, con una inversi\u00f3n que supera los $ 7.000 millones y beneficiar\u00e1 a m\u00e1s de medio millar de personas del Gran Santa Fe, permitiendo a las formaciones ferroviarias del Belgrano Cargas evitar transitar por la ciudad capital, brindando mayor seguridad, y reduciendo el tiempo de llegada de la producci\u00f3n a los puertos.<\/p>\n\n\n\n<figure class=\"wp-block-image size-full\"><a href=\"http:\/\/armstrongyregion.com.ar\/diario\/wp-content\/uploads\/2022\/11\/eli-g-2-.jpg\"><img loading=\"lazy\" decoding=\"async\" width=\"640\" height=\"427\" src=\"http:\/\/armstrongyregion.com.ar\/diario\/wp-content\/uploads\/2022\/11\/eli-g-2-.jpg\" alt=\"\" class=\"wp-image-36613\" srcset=\"https:\/\/armstrongyregion.com.ar\/diario\/wp-content\/uploads\/2022\/11\/eli-g-2-.jpg 640w, https:\/\/armstrongyregion.com.ar\/diario\/wp-content\/uploads\/2022\/11\/eli-g-2--300x200.jpg 300w\" sizes=\"auto, (max-width: 640px) 100vw, 640px\" \/><\/a><\/figure>\n\n\n\n<p>Los trabajos, que Naci\u00f3n y Provincia comenzaron en Empalme San Carlos en 2021, constan de 15,5 km. de construcci\u00f3n de nuevas trazas, as\u00ed como la recuperaci\u00f3n de otros 45 kil\u00f3metros de v\u00edas nuevas sobre trazas existentes, actualmente no operativas, e incluye una serie de obras complementarias, todo enmarcado en el Plan de Modernizaci\u00f3n del Transporte Ferroviario impulsado por el Ministerio de Transporte de la Naci\u00f3n en conjunto con el Gobierno Provincial.<\/p>\n\n\n\n<figure class=\"wp-block-image size-full\"><a href=\"http:\/\/armstrongyregion.com.ar\/diario\/wp-content\/uploads\/2022\/11\/eli-g-3-.jpg\"><img loading=\"lazy\" decoding=\"async\" width=\"640\" height=\"427\" src=\"http:\/\/armstrongyregion.com.ar\/diario\/wp-content\/uploads\/2022\/11\/eli-g-3-.jpg\" alt=\"\" class=\"wp-image-36614\" srcset=\"https:\/\/armstrongyregion.com.ar\/diario\/wp-content\/uploads\/2022\/11\/eli-g-3-.jpg 640w, https:\/\/armstrongyregion.com.ar\/diario\/wp-content\/uploads\/2022\/11\/eli-g-3--300x200.jpg 300w\" sizes=\"auto, (max-width: 640px) 100vw, 640px\" \/><\/a><\/figure>\n\n\n\n<p>La obra implicar\u00e1 mejorar el acceso de la producci\u00f3n agraria del norte argentino a los puertos de exportaci\u00f3n, y facilitar\u00e1 la circulaci\u00f3n ferroviaria del Belgrano Cargas al evitar el paso del tren por el entramado urbano del Gran Santa Fe.<\/p>\n\n\n\n<figure class=\"wp-block-image size-full\"><a href=\"http:\/\/armstrongyregion.com.ar\/diario\/wp-content\/uploads\/2022\/11\/eli-g-4-.jpg\"><img loading=\"lazy\" decoding=\"async\" width=\"639\" height=\"427\" src=\"http:\/\/armstrongyregion.com.ar\/diario\/wp-content\/uploads\/2022\/11\/eli-g-4-.jpg\" alt=\"\" class=\"wp-image-36615\" srcset=\"https:\/\/armstrongyregion.com.ar\/diario\/wp-content\/uploads\/2022\/11\/eli-g-4-.jpg 639w, https:\/\/armstrongyregion.com.ar\/diario\/wp-content\/uploads\/2022\/11\/eli-g-4--300x200.jpg 300w\" sizes=\"auto, (max-width: 639px) 100vw, 639px\" \/><\/a><\/figure>\n\n\n\n<p>Es importante destacar que es la primera vez en la historia Argentina que se realiza una circunvalaci\u00f3n ferroviaria de tal envergadura y la misma evitar\u00e1 el paso del tren de cargas por la ciudad, permitiendo reducir los tiempos de viaje, aumentar velocidad y frecuencia de los trenes de carga, reducir los costos log\u00edsticos y disminuir el riesgo de accidentes.<\/p>\n","protected":false},"excerpt":{"rendered":"<p>El Gobernador de la Provincia, Omar Perotti, junto al Presidente de Trenes Argentinos, Mart\u00edn Marinucci, la Directora de Trenes Argentinos, Eliana Gramigna y la Ministra de Infraestructura, Servicios P\u00fablicas y H\u00e1bitat Silvina Frana, recorri\u00f3 las obras ferroviarias en marcha del Circunvalar Ferroviario Santa Fe, obra que evitar\u00e1 el paso del tren de carga por el <a href=\"https:\/\/armstrongyregion.com.ar\/diario\/circunvalar-santa-fe-las-obras-avanzan-a-buen-ritmo\/\" title=\"Read more\" >&#8230;<\/a><\/p>\n","protected":false},"author":1,"featured_media":36612,"comment_status":"open","ping_status":"open","sticky":false,"template":"","format":"image","meta":{"_jetpack_memberships_contains_paid_content":false,"footnotes":"","jetpack_publicize_message":"","jetpack_publicize_feature_enabled":true,"jetpack_social_post_already_shared":true,"jetpack_social_options":{"image_generator_settings":{"template":"highway","default_image_id":0,"enabled":false},"version":2}},"categories":[8,1,2,7,3],"tags":[213,8669,77,23,220,399],"class_list":["post-36611","post","type-post","status-publish","format-image","has-post-thumbnail","hentry","category-deliberando","category-diario-armstrong","category-locales","category-politica","category-region","tag-buen","tag-circunvalar","tag-fe","tag-las","tag-obras","tag-santa","post_format-post-format-image"],"jetpack_publicize_connections":[],"jetpack_featured_media_url":"https:\/\/armstrongyregion.com.ar\/diario\/wp-content\/uploads\/2022\/11\/eli-g-1-.jpg","jetpack_shortlink":"https:\/\/wp.me\/p62QDO-9wv","jetpack_sharing_enabled":true,"amp_enabled":true,"_links":{"self":[{"href":"https:\/\/armstrongyregion.com.ar\/diario\/wp-json\/wp\/v2\/posts\/36611","targetHints":{"allow":["GET"]}}],"collection":[{"href":"https:\/\/armstrongyregion.com.ar\/diario\/wp-json\/wp\/v2\/posts"}],"about":[{"href":"https:\/\/armstrongyregion.com.ar\/diario\/wp-json\/wp\/v2\/types\/post"}],"author":[{"embeddable":true,"href":"https:\/\/armstrongyregion.com.ar\/diario\/wp-json\/wp\/v2\/users\/1"}],"replies":[{"embeddable":true,"href":"https:\/\/armstrongyregion.com.ar\/diario\/wp-json\/wp\/v2\/comments?post=36611"}],"version-history":[{"count":2,"href":"https:\/\/armstrongyregion.com.ar\/diario\/wp-json\/wp\/v2\/posts\/36611\/revisions"}],"predecessor-version":[{"id":36617,"href":"https:\/\/armstrongyregion.com.ar\/diario\/wp-json\/wp\/v2\/posts\/36611\/revisions\/36617"}],"wp:featuredmedia":[{"embeddable":true,"href":"https:\/\/armstrongyregion.com.ar\/diario\/wp-json\/wp\/v2\/media\/36612"}],"wp:attachment":[{"href":"https:\/\/armstrongyregion.com.ar\/diario\/wp-json\/wp\/v2\/media?parent=36611"}],"wp:term":[{"taxonomy":"category","embeddable":true,"href":"https:\/\/armstrongyregion.com.ar\/diario\/wp-json\/wp\/v2\/categories?post=36611"},{"taxonomy":"post_tag","embeddable":true,"href":"https:\/\/armstrongyregion.com.ar\/diario\/wp-json\/wp\/v2\/tags?post=36611"}],"curies":[{"name":"wp","href":"https:\/\/api.w.org\/{rel}","templated":true}]}}