{"id":36598,"date":"2022-11-24T00:21:00","date_gmt":"2022-11-24T00:21:00","guid":{"rendered":"https:\/\/armstrongyregion.com.ar\/diario\/?p=36598"},"modified":"2022-11-24T00:21:31","modified_gmt":"2022-11-24T00:21:31","slug":"finalizo-la-primera-edicion-de-la-diplomatura-en-genero-y-participacion-comunitaria","status":"publish","type":"post","link":"https:\/\/armstrongyregion.com.ar\/diario\/finalizo-la-primera-edicion-de-la-diplomatura-en-genero-y-participacion-comunitaria\/","title":{"rendered":"Finaliz\u00f3 la primera edici\u00f3n de la Diplomatura en G\u00e9nero y Participaci\u00f3n Comunitaria."},"content":{"rendered":"\n<figure class=\"wp-block-image size-full\"><a href=\"http:\/\/armstrongyregion.com.ar\/diario\/wp-content\/uploads\/2022\/11\/Diplomatura-diversidad-genero..jpg\"><img loading=\"lazy\" decoding=\"async\" width=\"570\" height=\"320\" src=\"http:\/\/armstrongyregion.com.ar\/diario\/wp-content\/uploads\/2022\/11\/Diplomatura-diversidad-genero..jpg\" alt=\"\" class=\"wp-image-36599\" srcset=\"https:\/\/armstrongyregion.com.ar\/diario\/wp-content\/uploads\/2022\/11\/Diplomatura-diversidad-genero..jpg 570w, https:\/\/armstrongyregion.com.ar\/diario\/wp-content\/uploads\/2022\/11\/Diplomatura-diversidad-genero.-300x168.jpg 300w\" sizes=\"auto, (max-width: 570px) 100vw, 570px\" \/><\/a><\/figure>\n\n\n\n<h2 class=\"wp-block-heading\">La propuesta de sensibilizaci\u00f3n y formaci\u00f3n es impulsada por el Ministerio de Igualdad, G\u00e9nero y Diversidad y la Universidad Nacional de Rosario. La segunda edici\u00f3n de la diplomatura, destinada a la regi\u00f3n centro-norte de la provincia, est\u00e1 prevista para el primer semestre del 2023.<\/h2>\n\n\n\n<p>El Gobierno de Santa Fe, a trav\u00e9s del Ministerio de Igualdad, G\u00e9nero y Diversidad, y la Universidad Nacional de Rosario (UNR) finalizaron el cursado de la primera edici\u00f3n de la Diplomatura en G\u00e9nero y Participaci\u00f3n Comunitaria, donde cerca de 250 personas aprobaron esta instancia de aprendizaje.<\/p>\n\n\n\n<p>La propuesta, dirigida a mujeres y diversidades sexuales de organizaciones sociales y populares, se llev\u00f3 a cabo en Rosario, Venado Tuerto, Villa Constituci\u00f3n, Casilda y Ca\u00f1ada de G\u00f3mez. El curso, desarrollado a trav\u00e9s de la modalidad presencial, tuvo una duraci\u00f3n de cinco meses.<\/p>\n\n\n\n<p>El 11 de noviembre se llevaron adelante las clases de cierre en Rosario, en el Sindicato de Prensa Rosario; y en Villa Constituci\u00f3n, en el Club social Rivadavia. El 12, la actividad se desarroll\u00f3 en Venado Tuerto, en la Escuela Primaria N\u00b0 1248 \u00abRosa Turner De Estrugamou\u00bb. Por su parte, el 17 fue el turno de Ca\u00f1ada de G\u00f3mez, en la Fundaci\u00f3n para el Desarrollo de Ca\u00f1ada de G\u00f3mez (Fudeca). Finalmente, el 18 se realiz\u00f3 en Casilda, en el auditorio del Hospital Escuela de Grandes y Peque\u00f1os Animales.<\/p>\n\n\n\n<p>En los encuentros se presentaron los proyectos finales con los que las y los estudiantes aprobaron la Diplomatura. \u00c9stos fueron de variados temas y objetivos: consejer\u00edas, propuestas formativas y campa\u00f1as de difusi\u00f3n considerando distintas problem\u00e1ticas en torno a g\u00e9nero y sexualidades. All\u00ed se hicieron presentes diferentes organizaciones locales, con la finalidad de conocer los proyectos y crear redes que aporten al desarrollo de cada ciudad.<\/p>\n\n\n\n<p>La segunda edici\u00f3n de la diplomatura, destinada a la regi\u00f3n centro-norte de la provincia, est\u00e1 prevista para el primer semestre del 2023.<\/p>\n\n\n\n<p>\u201cDesarrollamos una propuesta formativa gratuita y de calidad, con 19 encuentros presenciales en 5 localidades del sur provincial, lo cual arroja 95 encuentros, 45 proyectos y casi 250 personas diplomadas para implementar pol\u00edticas de g\u00e9nero en los territorios. Esta articulaci\u00f3n potente entre gobierno provincial, universidad, municipios y organizaciones, hizo posible una pol\u00edtica de justicia educativa, social y de g\u00e9nero ejemplar que hoy celebramos y que tenemos que profundizar\u201d, indic\u00f3 el secretario de Formaci\u00f3n y Capacitaci\u00f3n para la Igualdad del Ministerio de Igualdad, G\u00e9nero y Diversidad, Luciano Fabbri.<\/p>\n\n\n\n<p><strong>SOBRE LA DIPLOMATURA<\/strong><\/p>\n\n\n\n<p>La propuesta de sensibilizaci\u00f3n y formaci\u00f3n -impulsada interinstitucionalmente por el Ministerio de Igualdad, G\u00e9nero y Diversidad y la Universidad Nacional de Rosario (UNR)- est\u00e1 dirigida a mujeres y diversidades sexuales de organizaciones sociales y populares, con el objetivo de fortalecer la formaci\u00f3n y potenciar las acciones e intervenciones territoriales desde la elaboraci\u00f3n de estrategias comunitarias, locales y situadas de promoci\u00f3n de derechos y prevenci\u00f3n de las violencias de g\u00e9nero.<\/p>\n\n\n\n<p>El contenido est\u00e1 organizado en tres unidades tem\u00e1ticas: Enfoque de g\u00e9nero y diversidad; Violencias sexistas, abordajes y estrategias de promoci\u00f3n en g\u00e9nero y diversidad; y Cuidado de nuestros cuerpos y territorios; m\u00e1s la presentaci\u00f3n de un trabajo final grupal, orientado a elaborar un proyecto de intervenci\u00f3n territorial.<\/p>\n\n\n\n<p>La propuesta de aprendizajes procura aproximarse a una variedad de t\u00f3picos vinculados a las problem\u00e1ticas del g\u00e9nero y las sexualidades en los territorios, por lo que los contenidos se desarrollan apoy\u00e1ndose en las metodolog\u00edas de la educaci\u00f3n popular cuyo dise\u00f1o y experimentaci\u00f3n se sustenta en la posibilidad y potencialidad del encuentro presencial, privilegiando el dispositivo taller.<\/p>\n","protected":false},"excerpt":{"rendered":"<p>La propuesta de sensibilizaci\u00f3n y formaci\u00f3n es impulsada por el Ministerio de Igualdad, G\u00e9nero y Diversidad y la Universidad Nacional de Rosario. La segunda edici\u00f3n de la diplomatura, destinada a la regi\u00f3n centro-norte de la provincia, est\u00e1 prevista para el primer semestre del 2023. El Gobierno de Santa Fe, a trav\u00e9s del Ministerio de Igualdad, <a href=\"https:\/\/armstrongyregion.com.ar\/diario\/finalizo-la-primera-edicion-de-la-diplomatura-en-genero-y-participacion-comunitaria\/\" title=\"Read more\" >&#8230;<\/a><\/p>\n","protected":false},"author":1,"featured_media":36599,"comment_status":"open","ping_status":"open","sticky":false,"template":"","format":"image","meta":{"_jetpack_memberships_contains_paid_content":false,"footnotes":"","jetpack_publicize_message":"","jetpack_publicize_feature_enabled":true,"jetpack_social_post_already_shared":true,"jetpack_social_options":{"image_generator_settings":{"template":"highway","default_image_id":0,"enabled":false},"version":2}},"categories":[6,8,1,2,7,3],"tags":[3977,8662,4330,8663,580],"class_list":["post-36598","post","type-post","status-publish","format-image","has-post-thumbnail","hentry","category-cultura-entretenimiento","category-deliberando","category-diario-armstrong","category-locales","category-politica","category-region","tag-comunitaria","tag-diplomatura","tag-diversidad","tag-genero-2","tag-participacion","post_format-post-format-image"],"jetpack_publicize_connections":[],"jetpack_featured_media_url":"https:\/\/armstrongyregion.com.ar\/diario\/wp-content\/uploads\/2022\/11\/Diplomatura-diversidad-genero..jpg","jetpack_shortlink":"https:\/\/wp.me\/p62QDO-9wi","jetpack_sharing_enabled":true,"amp_enabled":true,"_links":{"self":[{"href":"https:\/\/armstrongyregion.com.ar\/diario\/wp-json\/wp\/v2\/posts\/36598","targetHints":{"allow":["GET"]}}],"collection":[{"href":"https:\/\/armstrongyregion.com.ar\/diario\/wp-json\/wp\/v2\/posts"}],"about":[{"href":"https:\/\/armstrongyregion.com.ar\/diario\/wp-json\/wp\/v2\/types\/post"}],"author":[{"embeddable":true,"href":"https:\/\/armstrongyregion.com.ar\/diario\/wp-json\/wp\/v2\/users\/1"}],"replies":[{"embeddable":true,"href":"https:\/\/armstrongyregion.com.ar\/diario\/wp-json\/wp\/v2\/comments?post=36598"}],"version-history":[{"count":1,"href":"https:\/\/armstrongyregion.com.ar\/diario\/wp-json\/wp\/v2\/posts\/36598\/revisions"}],"predecessor-version":[{"id":36600,"href":"https:\/\/armstrongyregion.com.ar\/diario\/wp-json\/wp\/v2\/posts\/36598\/revisions\/36600"}],"wp:featuredmedia":[{"embeddable":true,"href":"https:\/\/armstrongyregion.com.ar\/diario\/wp-json\/wp\/v2\/media\/36599"}],"wp:attachment":[{"href":"https:\/\/armstrongyregion.com.ar\/diario\/wp-json\/wp\/v2\/media?parent=36598"}],"wp:term":[{"taxonomy":"category","embeddable":true,"href":"https:\/\/armstrongyregion.com.ar\/diario\/wp-json\/wp\/v2\/categories?post=36598"},{"taxonomy":"post_tag","embeddable":true,"href":"https:\/\/armstrongyregion.com.ar\/diario\/wp-json\/wp\/v2\/tags?post=36598"}],"curies":[{"name":"wp","href":"https:\/\/api.w.org\/{rel}","templated":true}]}}