{"id":36594,"date":"2022-11-24T00:16:15","date_gmt":"2022-11-24T00:16:15","guid":{"rendered":"https:\/\/armstrongyregion.com.ar\/diario\/?p=36594"},"modified":"2022-11-24T00:16:20","modified_gmt":"2022-11-24T00:16:20","slug":"presentacion-oficial-de-la-fiesta-armstrong-tierra-mia-2022","status":"publish","type":"post","link":"https:\/\/armstrongyregion.com.ar\/diario\/presentacion-oficial-de-la-fiesta-armstrong-tierra-mia-2022\/","title":{"rendered":"Presentaci\u00f3n oficial de la fiesta \u201cArmstrong Tierra M\u00eda\u201d 2022."},"content":{"rendered":"\n<figure class=\"wp-block-image size-full\"><a href=\"http:\/\/armstrongyregion.com.ar\/diario\/wp-content\/uploads\/2022\/11\/presentacion_atm2.jpg\"><img loading=\"lazy\" decoding=\"async\" width=\"675\" height=\"450\" src=\"http:\/\/armstrongyregion.com.ar\/diario\/wp-content\/uploads\/2022\/11\/presentacion_atm2.jpg\" alt=\"\" class=\"wp-image-36595\" srcset=\"https:\/\/armstrongyregion.com.ar\/diario\/wp-content\/uploads\/2022\/11\/presentacion_atm2.jpg 675w, https:\/\/armstrongyregion.com.ar\/diario\/wp-content\/uploads\/2022\/11\/presentacion_atm2-300x200.jpg 300w\" sizes=\"auto, (max-width: 675px) 100vw, 675px\" \/><\/a><\/figure>\n\n\n\n<p>El d\u00eda jueves 17 de noviembre en el auditorio Delmo Dar\u00f3 se realiz\u00f3 el lanzamiento oficial de la fiesta \u201cArmstrong Tierra M\u00eda\u201d que se realizar\u00e1 los d\u00edas 17 y 18 de diciembre con motivo de los 140 a\u00f1os que nuestra ciudad cumplir\u00e1 el pr\u00f3ximo 14 de ese mes.<\/p>\n\n\n\n<p>Ante la presencia de representantes de todos los sectores que conforman nuestra comunidad, el Intendente Dr. Pablo Verdecchia les dio la bienvenida y los invit\u00f3 a ser parte y disfrutar de una fiesta que es de todos.<\/p>\n\n\n\n<p>Participaron del evento todos los actores que ser\u00e1n parte de la fiesta, describiendo cada uno sus actividades: Brenda Carmona como coordinadora de la Feria Nacional de Artesanos y Emprendedores, el Presidente del C.C.I. y R. Ing. Claudio Del Vecchio se refiri\u00f3 a la muestra est\u00e1tica de la maquinaria agr\u00edcola y participaci\u00f3n de empresas y comercios, el Sr. Osvaldo Capponi, Presidente de Club Mickey, enumer\u00f3 lo que ofrecer\u00e1n todos los clubes en sus buffets y la Sra. Susana Rodr\u00edguez anunci\u00f3 su participaci\u00f3n con alimentos libres de gluten, sin tacc.<\/p>\n\n\n\n<figure class=\"wp-block-image\"><img decoding=\"async\" src=\"https:\/\/www.armstrong.gov.ar\/2020\/images\/presentacion_atm.jpg\" alt=\"presentacion atm\"\/><\/figure>\n\n\n\n<p>Los talleres municipales de flamenco y danzas cl\u00e1sicas a cargo de las Prof. Marina Aguirre y Virginia De Bonis, respectivamente, tambi\u00e9n estuvieron presentes. La Prof. Alejandra Cabrera se refiri\u00f3 a la presentaci\u00f3n de los ballets del C. T. El Tropero. Soledad G\u00f3mez hizo lo propio con el grupo de danzas latinoamericanas Warmi, la responsable del grupo de danzas cl\u00e1sicas \u201cSo\u00f1ar con los Pies\u201d de Club Norte Prof. Julieta L\u00f3pez cont\u00f3 sobre su actuaci\u00f3n, el grupo de danzas folcl\u00f3ricas argentinas \u201cFrancisco Maldonado\u201d, la Fundaci\u00f3n Bemba Color\u00e1 con sus elencos, Pr\u00edncipes de la Cumbia, y el Director del Conservatorio Municipal de M\u00fasica Prof. Cristian Gualtieri adelantaron sus presentaciones.&nbsp;<\/p>\n\n\n\n<p>Finalmente, la Secretaria de Educaci\u00f3n y Desarrollo Integral Prof. Rosana Siri y CPN Carlos Cuffia, respectivamente, se refirieron a todos los aspectos y actividades previstas en el marco de esta fiesta.<\/p>\n\n\n\n<figure class=\"wp-block-image\"><img decoding=\"async\" src=\"https:\/\/www.armstrong.gov.ar\/2020\/images\/presentacion_atm3.jpg\" alt=\"presentacion atm3\"\/><\/figure>\n\n\n\n<p>En la oportunidad se pudo disfrutar de las presentaciones de las integrantes de Warmi con vestuario de distintos estados de M\u00e9xico, como as\u00ed tambi\u00e9n del atuendo del taller municipal de flamenco, una pareja del ballet juvenil&nbsp; de Bemba Color\u00e1 interpret\u00f3 un Bailecito, y el Ensamble Folcl\u00f3rico del Conservatorio hizo dos temas musicales.<\/p>\n\n\n\n<p>\u201cArmstrong Tierra M\u00eda\u201d nos invita a todos para conocernos, reconocernos y valorarnos desde el lugar que a diario seguimos eligiendo y en cada una de nuestras actividades.<\/p>\n\n\n\n<p>S\u00e1bado 17 y domingo 18 de diciembre en Plaza San Mart\u00edn vamos a festejar todos juntos un nuevo cumplea\u00f1os de nuestra ciudad.<\/p>\n","protected":false},"excerpt":{"rendered":"<p>El d\u00eda jueves 17 de noviembre en el auditorio Delmo Dar\u00f3 se realiz\u00f3 el lanzamiento oficial de la fiesta \u201cArmstrong Tierra M\u00eda\u201d que se realizar\u00e1 los d\u00edas 17 y 18 de diciembre con motivo de los 140 a\u00f1os que nuestra ciudad cumplir\u00e1 el pr\u00f3ximo 14 de ese mes. Ante la presencia de representantes de todos <a href=\"https:\/\/armstrongyregion.com.ar\/diario\/presentacion-oficial-de-la-fiesta-armstrong-tierra-mia-2022\/\" title=\"Read more\" >&#8230;<\/a><\/p>\n","protected":false},"author":1,"featured_media":36595,"comment_status":"open","ping_status":"open","sticky":false,"template":"","format":"image","meta":{"_jetpack_memberships_contains_paid_content":false,"footnotes":"","jetpack_publicize_message":"","jetpack_publicize_feature_enabled":true,"jetpack_social_post_already_shared":true,"jetpack_social_options":{"image_generator_settings":{"template":"highway","default_image_id":0,"enabled":false},"version":2}},"categories":[8,1,2,7,3],"tags":[8661,20,19,8633,581,1763],"class_list":["post-36594","post","type-post","status-publish","format-image","has-post-thumbnail","hentry","category-deliberando","category-diario-armstrong","category-locales","category-politica","category-region","tag-8661","tag-armstrong","tag-de","tag-mia-2","tag-presentacion","tag-tierra","post_format-post-format-image"],"jetpack_publicize_connections":[],"jetpack_featured_media_url":"https:\/\/armstrongyregion.com.ar\/diario\/wp-content\/uploads\/2022\/11\/presentacion_atm2.jpg","jetpack_shortlink":"https:\/\/wp.me\/p62QDO-9we","jetpack_sharing_enabled":true,"amp_enabled":true,"_links":{"self":[{"href":"https:\/\/armstrongyregion.com.ar\/diario\/wp-json\/wp\/v2\/posts\/36594","targetHints":{"allow":["GET"]}}],"collection":[{"href":"https:\/\/armstrongyregion.com.ar\/diario\/wp-json\/wp\/v2\/posts"}],"about":[{"href":"https:\/\/armstrongyregion.com.ar\/diario\/wp-json\/wp\/v2\/types\/post"}],"author":[{"embeddable":true,"href":"https:\/\/armstrongyregion.com.ar\/diario\/wp-json\/wp\/v2\/users\/1"}],"replies":[{"embeddable":true,"href":"https:\/\/armstrongyregion.com.ar\/diario\/wp-json\/wp\/v2\/comments?post=36594"}],"version-history":[{"count":2,"href":"https:\/\/armstrongyregion.com.ar\/diario\/wp-json\/wp\/v2\/posts\/36594\/revisions"}],"predecessor-version":[{"id":36597,"href":"https:\/\/armstrongyregion.com.ar\/diario\/wp-json\/wp\/v2\/posts\/36594\/revisions\/36597"}],"wp:featuredmedia":[{"embeddable":true,"href":"https:\/\/armstrongyregion.com.ar\/diario\/wp-json\/wp\/v2\/media\/36595"}],"wp:attachment":[{"href":"https:\/\/armstrongyregion.com.ar\/diario\/wp-json\/wp\/v2\/media?parent=36594"}],"wp:term":[{"taxonomy":"category","embeddable":true,"href":"https:\/\/armstrongyregion.com.ar\/diario\/wp-json\/wp\/v2\/categories?post=36594"},{"taxonomy":"post_tag","embeddable":true,"href":"https:\/\/armstrongyregion.com.ar\/diario\/wp-json\/wp\/v2\/tags?post=36594"}],"curies":[{"name":"wp","href":"https:\/\/api.w.org\/{rel}","templated":true}]}}