{"id":36589,"date":"2022-11-22T22:20:28","date_gmt":"2022-11-22T22:20:28","guid":{"rendered":"https:\/\/armstrongyregion.com.ar\/diario\/?p=36589"},"modified":"2022-11-22T22:31:39","modified_gmt":"2022-11-22T22:31:39","slug":"rasetto-celebro-la-apertura-de-sobres-para-el-desvio-de-giardino","status":"publish","type":"post","link":"https:\/\/armstrongyregion.com.ar\/diario\/rasetto-celebro-la-apertura-de-sobres-para-el-desvio-de-giardino\/","title":{"rendered":"Rasetto celebr\u00f3 la apertura de sobres para el \u201cDesv\u00edo de Giardino\u201d."},"content":{"rendered":"\n<figure class=\"wp-block-image size-full\"><a href=\"http:\/\/armstrongyregion.com.ar\/diario\/wp-content\/uploads\/2022\/11\/timbues-.jpg\"><img loading=\"lazy\" decoding=\"async\" width=\"480\" height=\"252\" src=\"http:\/\/armstrongyregion.com.ar\/diario\/wp-content\/uploads\/2022\/11\/timbues-.jpg\" alt=\"\" class=\"wp-image-36590\" srcset=\"https:\/\/armstrongyregion.com.ar\/diario\/wp-content\/uploads\/2022\/11\/timbues-.jpg 480w, https:\/\/armstrongyregion.com.ar\/diario\/wp-content\/uploads\/2022\/11\/timbues--300x158.jpg 300w\" sizes=\"auto, (max-width: 480px) 100vw, 480px\" \/><\/a><\/figure>\n\n\n\n<p>El Senador Hugo Jes\u00fas Rasetto particip\u00f3 este martes de la apertura de sobres licitatorios para el \u201cDesv\u00edo de Giardino\u201d hacia las terminales portuarias. El acto, fue encabezado por el Gobernador de la Provincia Omar Perotti, el Ministro de Gesti\u00f3n P\u00fablica Marcos Corach, y el Titular de Vialidad Provincial Oscar Cecchi, y cont\u00f3 con la presencia de autoridades de la regi\u00f3n.<\/p>\n\n\n\n<p>\u201cQuiero destacar nuevamente la actitud de Jos\u00e9 Alberto Nocciolino, vecino de #Oliveros que hace 10 a\u00f1os me indic\u00f3 de forma criteriosa, con conocimiento del terreno, de manera altruista, por donde deb\u00eda hacerse este desv\u00edo.<\/p>\n\n\n\n<p>Tiempo despu\u00e9s el tema fue abordado por Vialidad Nacional, llegando a la misma conclusi\u00f3n que Jos\u00e9 e incluyendo en el Plan Circunvalar el Proyecto del \u00abdesv\u00edo de Giardino\u00bb. Luego lo toman los presidentes Comunales, lo pelearon los vecinos especialmente de #LaRibera en distintas instancias llegando a los cortes de ruta. Luego, en abril de este a\u00f1o, toma el guante la Provincia y anuncia la licitaci\u00f3n, hay que destacar esto, ya que por estos puertos sale la producci\u00f3n agr\u00edcola que mantiene en funcionamiento la econom\u00eda del pa\u00eds, y correspond\u00eda que esta obra, fuera una obra del Gobierno Nacional\u201d indic\u00f3 Rasetto.<\/p>\n\n\n\n<p>Por \u00faltimo, el Senador por Iriondo agreg\u00f3 que \u201ccuando se anunci\u00f3 esta obra reclamamos se tenga en cuenta la rotonda de la 91 y la 11 y la circunvalaci\u00f3n a Serodino como parte del mismo proyecto, obras sobre las cuales el director de Vialidad nos otorg\u00f3 hace dos meses el compromiso de realizarlas como ampliaci\u00f3n de obra. Felicitaciones a todos los que sumaron su granito de arena, entre todos hoy dimos un nuevo paso.\u201d<\/p>\n","protected":false},"excerpt":{"rendered":"<p>El Senador Hugo Jes\u00fas Rasetto particip\u00f3 este martes de la apertura de sobres licitatorios para el \u201cDesv\u00edo de Giardino\u201d hacia las terminales portuarias. El acto, fue encabezado por el Gobernador de la Provincia Omar Perotti, el Ministro de Gesti\u00f3n P\u00fablica Marcos Corach, y el Titular de Vialidad Provincial Oscar Cecchi, y cont\u00f3 con la presencia <a href=\"https:\/\/armstrongyregion.com.ar\/diario\/rasetto-celebro-la-apertura-de-sobres-para-el-desvio-de-giardino\/\" title=\"Read more\" >&#8230;<\/a><\/p>\n","protected":false},"author":1,"featured_media":36590,"comment_status":"open","ping_status":"open","sticky":false,"template":"","format":"image","meta":{"_jetpack_memberships_contains_paid_content":false,"footnotes":"","jetpack_publicize_message":"","jetpack_publicize_feature_enabled":true,"jetpack_social_post_already_shared":true,"jetpack_social_options":{"image_generator_settings":{"template":"highway","default_image_id":0,"enabled":false},"version":2}},"categories":[8,1,7,3],"tags":[58,2040,19,31,977,59],"class_list":["post-36589","post","type-post","status-publish","format-image","has-post-thumbnail","hentry","category-deliberando","category-diario-armstrong","category-politica","category-region","tag-apertura","tag-celebro","tag-de","tag-la","tag-rasetto","tag-sobres","post_format-post-format-image"],"jetpack_publicize_connections":[],"jetpack_featured_media_url":"https:\/\/armstrongyregion.com.ar\/diario\/wp-content\/uploads\/2022\/11\/timbues-.jpg","jetpack_shortlink":"https:\/\/wp.me\/p62QDO-9w9","jetpack_sharing_enabled":true,"amp_enabled":true,"_links":{"self":[{"href":"https:\/\/armstrongyregion.com.ar\/diario\/wp-json\/wp\/v2\/posts\/36589","targetHints":{"allow":["GET"]}}],"collection":[{"href":"https:\/\/armstrongyregion.com.ar\/diario\/wp-json\/wp\/v2\/posts"}],"about":[{"href":"https:\/\/armstrongyregion.com.ar\/diario\/wp-json\/wp\/v2\/types\/post"}],"author":[{"embeddable":true,"href":"https:\/\/armstrongyregion.com.ar\/diario\/wp-json\/wp\/v2\/users\/1"}],"replies":[{"embeddable":true,"href":"https:\/\/armstrongyregion.com.ar\/diario\/wp-json\/wp\/v2\/comments?post=36589"}],"version-history":[{"count":1,"href":"https:\/\/armstrongyregion.com.ar\/diario\/wp-json\/wp\/v2\/posts\/36589\/revisions"}],"predecessor-version":[{"id":36591,"href":"https:\/\/armstrongyregion.com.ar\/diario\/wp-json\/wp\/v2\/posts\/36589\/revisions\/36591"}],"wp:featuredmedia":[{"embeddable":true,"href":"https:\/\/armstrongyregion.com.ar\/diario\/wp-json\/wp\/v2\/media\/36590"}],"wp:attachment":[{"href":"https:\/\/armstrongyregion.com.ar\/diario\/wp-json\/wp\/v2\/media?parent=36589"}],"wp:term":[{"taxonomy":"category","embeddable":true,"href":"https:\/\/armstrongyregion.com.ar\/diario\/wp-json\/wp\/v2\/categories?post=36589"},{"taxonomy":"post_tag","embeddable":true,"href":"https:\/\/armstrongyregion.com.ar\/diario\/wp-json\/wp\/v2\/tags?post=36589"}],"curies":[{"name":"wp","href":"https:\/\/api.w.org\/{rel}","templated":true}]}}