{"id":3656,"date":"2015-08-19T13:47:52","date_gmt":"2015-08-19T13:47:52","guid":{"rendered":"https:\/\/armstrongyregion.com.ar\/diario\/?p=3656"},"modified":"2015-08-19T13:47:52","modified_gmt":"2015-08-19T13:47:52","slug":"diego-mansilla-estuvo-en-la-sesion-ordinaria-del-parlamento-del-mercosur","status":"publish","type":"post","link":"https:\/\/armstrongyregion.com.ar\/diario\/diego-mansilla-estuvo-en-la-sesion-ordinaria-del-parlamento-del-mercosur\/","title":{"rendered":"Diego Mansilla estuvo en la sesi\u00f3n ordinaria del Parlamento del Mercosur."},"content":{"rendered":"<p><a href=\"http:\/\/armstrongyregion.com.ar\/diario\/wp-content\/uploads\/2015\/08\/diego-mansilla-en-montevideo.jpg\"><img loading=\"lazy\" decoding=\"async\" class=\"alignnone size-medium wp-image-3657\" src=\"http:\/\/armstrongyregion.com.ar\/diario\/wp-content\/uploads\/2015\/08\/diego-mansilla-en-montevideo-300x200.jpg\" alt=\"diego mansilla en montevideo\" width=\"300\" height=\"200\" srcset=\"https:\/\/armstrongyregion.com.ar\/diario\/wp-content\/uploads\/2015\/08\/diego-mansilla-en-montevideo-300x200.jpg 300w, https:\/\/armstrongyregion.com.ar\/diario\/wp-content\/uploads\/2015\/08\/diego-mansilla-en-montevideo.jpg 648w\" sizes=\"auto, (max-width: 300px) 100vw, 300px\" \/><\/a>\u201cQueremos avanzar con la integraci\u00f3n continental para seguir mejorando<br \/>\nla vida de nuestros pueblos\u201d<\/p>\n<p>\u201cNos estamos preparando a conciencia para aportar todo lo que podamosa avanzar con la integraci\u00f3n continental; y as\u00ed seguir mejorando la<br \/>\ncalidad de vida de nuestros pueblos\u201d, dijo Diego Mansilla, candidato al Parlasur del Frente para la Victoria santafesino, tras asistir a<br \/>\nuna sesi\u00f3n ordinaria de ese \u00e1mbito legislativo en Montevideo, dondeadem\u00e1s se reuni\u00f3 con el Alto Representante del Mercosur, Florisvaldo<br \/>\nFier (doctor Rosinha).<br \/>\nAl doctor Rosinha, a quien visit\u00f3 junto con Lucas Serna, DiegoMansilla lo invit\u00f3 formalmente a participar de la Muestra<br \/>\nAgroindustrial Las Parejas 2015, donde se realizar\u00e1 una jornada deMercosur Productivo, \u201cdonde se continuar\u00e1 trabajando para m\u00e1s<br \/>\nsustituci\u00f2n de importaciones de maquinarias extrazona\u201d, se\u00f1al\u00f3 el actual intendente de la ciudad santafesina.<br \/>\n\u201cNos planteamos consolidar la integraci\u00f3n, la complementaci\u00f3n y la planificaci\u00f3n conjunta que se vienen dando entre nuestros pa\u00edses del<br \/>\nMercosur porque creemos que la unidad de la Patria Grande es la garant\u00eda de la continuidad de las pol\u00edticas de crecimiento con<br \/>\ncreaci\u00f3n de trabajo, con inclusi\u00f3n social\u201d, remarc\u00f3 Mansilla, quien estuvo en Montevideo junto con, entre otros, los candidatos al<br \/>\nParlasur del FPV Jorge Taiana, Marina Femenia, Edgardo Esteban y el postulante por Santa Cruz, Mario Metaza.<br \/>\nTodos ellos acompa\u00f1aron en la sesi\u00f3n ordinaria de este lunes a los actuales parlamentarios del Mercosur Andr\u00e9s Larroque, Guillermo<br \/>\nCarmona y Julia Peri\u00e9. Y luego, en la sede del Frente Amplio en la captial uruguaya, se sumaron a un encuentro con dirigentes de Uruguay,<br \/>\nVenezuela, Paraguay, Bolivia, Brasil y Argentina, \u201cdonde se reafirm\u00f3 el compromiso con la unidad latinoamericana, justo en una jornada muy<br \/>\nespecial como la de homenaje al general San Mart\u00edn\u201d, destac\u00f3 Mansilla.<\/p>\n","protected":false},"excerpt":{"rendered":"<p>\u201cQueremos avanzar con la integraci\u00f3n continental para seguir mejorando la vida de nuestros pueblos\u201d \u201cNos estamos preparando a conciencia para aportar todo lo que podamosa avanzar con la integraci\u00f3n continental; y as\u00ed seguir mejorando la calidad de vida de nuestros pueblos\u201d, dijo Diego Mansilla, candidato al Parlasur del Frente para la Victoria santafesino, tras asistir <a href=\"https:\/\/armstrongyregion.com.ar\/diario\/diego-mansilla-estuvo-en-la-sesion-ordinaria-del-parlamento-del-mercosur\/\" title=\"Read more\" >&#8230;<\/a><\/p>\n","protected":false},"author":2,"featured_media":3657,"comment_status":"open","ping_status":"open","sticky":false,"template":"","format":"standard","meta":{"_jetpack_memberships_contains_paid_content":false,"footnotes":"","jetpack_publicize_message":"","jetpack_publicize_feature_enabled":true,"jetpack_social_post_already_shared":false,"jetpack_social_options":{"image_generator_settings":{"template":"highway","default_image_id":0,"enabled":false},"version":2}},"categories":[1,2,7,3],"tags":[53,990,15,961,31,991,2436,1348,2541,2534],"class_list":["post-3656","post","type-post","status-publish","format-standard","has-post-thumbnail","hentry","category-diario-armstrong","category-locales","category-politica","category-region","tag-del","tag-diego","tag-en","tag-estuvo","tag-la","tag-mansilla","tag-mercosur","tag-ordinaria","tag-parlamento","tag-sesion"],"jetpack_publicize_connections":[],"jetpack_featured_media_url":"https:\/\/armstrongyregion.com.ar\/diario\/wp-content\/uploads\/2015\/08\/diego-mansilla-en-montevideo.jpg","jetpack_shortlink":"https:\/\/wp.me\/p62QDO-WY","jetpack_sharing_enabled":true,"amp_enabled":true,"_links":{"self":[{"href":"https:\/\/armstrongyregion.com.ar\/diario\/wp-json\/wp\/v2\/posts\/3656","targetHints":{"allow":["GET"]}}],"collection":[{"href":"https:\/\/armstrongyregion.com.ar\/diario\/wp-json\/wp\/v2\/posts"}],"about":[{"href":"https:\/\/armstrongyregion.com.ar\/diario\/wp-json\/wp\/v2\/types\/post"}],"author":[{"embeddable":true,"href":"https:\/\/armstrongyregion.com.ar\/diario\/wp-json\/wp\/v2\/users\/2"}],"replies":[{"embeddable":true,"href":"https:\/\/armstrongyregion.com.ar\/diario\/wp-json\/wp\/v2\/comments?post=3656"}],"version-history":[{"count":0,"href":"https:\/\/armstrongyregion.com.ar\/diario\/wp-json\/wp\/v2\/posts\/3656\/revisions"}],"wp:featuredmedia":[{"embeddable":true,"href":"https:\/\/armstrongyregion.com.ar\/diario\/wp-json\/wp\/v2\/media\/3657"}],"wp:attachment":[{"href":"https:\/\/armstrongyregion.com.ar\/diario\/wp-json\/wp\/v2\/media?parent=3656"}],"wp:term":[{"taxonomy":"category","embeddable":true,"href":"https:\/\/armstrongyregion.com.ar\/diario\/wp-json\/wp\/v2\/categories?post=3656"},{"taxonomy":"post_tag","embeddable":true,"href":"https:\/\/armstrongyregion.com.ar\/diario\/wp-json\/wp\/v2\/tags?post=3656"}],"curies":[{"name":"wp","href":"https:\/\/api.w.org\/{rel}","templated":true}]}}