{"id":36559,"date":"2022-11-17T22:46:38","date_gmt":"2022-11-17T22:46:38","guid":{"rendered":"https:\/\/armstrongyregion.com.ar\/diario\/?p=36559"},"modified":"2022-11-17T23:28:02","modified_gmt":"2022-11-17T23:28:02","slug":"la-provincia-participo-del-foro-futuro-argentino-aleman-formacion-profesional-en-la-era-digital","status":"publish","type":"post","link":"https:\/\/armstrongyregion.com.ar\/diario\/la-provincia-participo-del-foro-futuro-argentino-aleman-formacion-profesional-en-la-era-digital\/","title":{"rendered":"La provincia particip\u00f3 del Foro Futuro Argentino-Alem\u00e1n: \u201cFormaci\u00f3n Profesional en la era digital\u201d"},"content":{"rendered":"\n<figure class=\"wp-block-image size-full\"><a href=\"http:\/\/armstrongyregion.com.ar\/diario\/wp-content\/uploads\/2022\/11\/foro-aleman..jpg\"><img loading=\"lazy\" decoding=\"async\" width=\"570\" height=\"320\" src=\"http:\/\/armstrongyregion.com.ar\/diario\/wp-content\/uploads\/2022\/11\/foro-aleman..jpg\" alt=\"\" class=\"wp-image-36560\" srcset=\"https:\/\/armstrongyregion.com.ar\/diario\/wp-content\/uploads\/2022\/11\/foro-aleman..jpg 570w, https:\/\/armstrongyregion.com.ar\/diario\/wp-content\/uploads\/2022\/11\/foro-aleman.-300x168.jpg 300w\" sizes=\"auto, (max-width: 570px) 100vw, 570px\" \/><\/a><\/figure>\n\n\n\n<p>Se trat\u00f3 de un panel-debate dentro del Foro que busca profundizar el intercambio, la reflexi\u00f3n conjunta y la cooperaci\u00f3n entre Alemania y Argentina en sectores de la econom\u00eda, la ciencia, la cultura y la pol\u00edtica orientados a los desaf\u00edos del futuro.<\/p>\n\n\n\n<p>El Gobierno de Santa Fe, a trav\u00e9s de la Secretar\u00eda de Ciencia, Tecnolog\u00eda e Innovaci\u00f3n del Ministerio de Producci\u00f3n, Ciencia y Tecnolog\u00eda, particip\u00f3 en Buenos Aires del Foro Futuro Argentino-Alem\u00e1n \u201cFormaci\u00f3n Profesional en la era digital\u201d, organizado por la Embajada de la Rep\u00fablica Federal de Alemania en Buenos Aires, en asociaci\u00f3n con la Fundaci\u00f3n Friedrich Naumann para la Libertad.<\/p>\n\n\n\n<p>Se trata de un seminario que busca poder generar una discusi\u00f3n estimulante y constructiva, que logre generar nuevos puntos de vista, integrando los del sector privado y p\u00fablico argentino y alem\u00e1n. Desde la organizaci\u00f3n, afirman que la cooperaci\u00f3n entre Argentina y Alemania en el \u00e1mbito de la formaci\u00f3n profesional en la era digital puede generar beneficios a ambos pa\u00edses y que, para mantener la competitividad de las econom\u00edas, es imperativo que se puedan adaptar a estos nuevos tiempos.<\/p>\n\n\n\n<p>Del encuentro, realizado en la Embajada de la Rep\u00fablica Federal de Alemania, particip\u00f3 la secretaria de Ciencia, Tecnolog\u00eda e Innovaci\u00f3n, Marina Baima, en el panel-debate titulado \u201cFormaci\u00f3n profesional en la era digital\u201d, junto al viceministro en el Ministerio Federal de Educaci\u00f3n y Ciencia de Alemania, Jens Brandenburg; la ministra de Educaci\u00f3n de la Ciudad de Buenos Aires, Soledad Acu\u00f1a; el director general de la Sparkassenstiftung, Niclaus Bergmann; el VP de Recursos Humanos de Mercado Libre, Sebasti\u00e1n Fern\u00e1ndez Silva; y el vicepresidente de la C\u00e1mara de Industria y Comercio Argentino-Alemana, Federico Schroer. Estuvo moderado por la periodista Luciana Geuna.<\/p>\n\n\n\n<p>En la actividad, la funcionaria provincial destac\u00f3 que fue \u201cun panel de discusi\u00f3n plural, donde estuvieron representadas distintas posturas, ejes y sectores. Un panel real donde no solo se mostraron las l\u00edneas de acci\u00f3n y las pol\u00edticas p\u00fablicas, sino que se pens\u00f3 el modelo profesional que tenemos que impulsar. En la provincia de Santa Fe, nuestro Consejo de la Econom\u00eda del Conocimiento nos dio las herramientas para unir los temas estrat\u00e9gicos, la formaci\u00f3n y las necesidades tangibles del ahora pero tambi\u00e9n del futuro, donde las ciencias de la vida y la digitalizaci\u00f3n transformar\u00e1n los puestos de trabajo, las formas de producci\u00f3n y de vivir\u201d.<\/p>\n\n\n\n<p><strong>FORMACI\u00d3N PARA EL FUTURO Y CARRERAS STEM<\/strong><\/p>\n\n\n\n<p>De acuerdo a lo manifestado por los organizadores, para mantener la competitividad de nuestras econom\u00edas, es imperativo que se puedan adaptar a estos nuevos tiempos. Alcanzar tal fin requerir\u00e1 de una formaci\u00f3n profesional moderna e innovadora que prepare a los participantes de las econom\u00edas a este nuevo dinamismo.<\/p>\n\n\n\n<p>En esta oportunidad, Baima afirm\u00f3: \u201cAprendimos la importancia de la formaci\u00f3n dual, de las herramientas, de las nuevas skills de liderazgo, resiliencia, creatividad y dise\u00f1o del conocimiento, que son las capacidades que deben tener los nuevos especialistas y que no solo son trayectorias lineales de formaci\u00f3n, sino que es importante que podamos debatir qu\u00e9 metas y qu\u00e9 indicadores queremos transformar y que los distintos trayectos formativos del conocimiento pueden ser variantes en cada uno de los territorios. Tambi\u00e9n hablamos fuertemente de nuestra agenda de g\u00e9nero, porque para un crecimiento arm\u00f3nico, inclusivo, a nivel global, necesitamos incorporar a las mujeres y a las diversidades. Para ello, contamos tambi\u00e9n los distintos programas que tenemos en la Secretar\u00eda y desde el gobierno provincial\u201d.<\/p>\n\n\n\n<p>\u201cSabemos que el 80% del trabajo del futuro estar\u00e1 relacionado con carreras STEM. Por eso, desde el gobierno provincial buscamos mecanismos \u00e1giles y herramientas estrat\u00e9gicas para la formaci\u00f3n en tres dimensiones: con las y los j\u00f3venes, los desarrolladores cient\u00edficos y tecnol\u00f3gicos y las Pymes, en programas como la Red de Clubes de Ciencia y Tecnolog\u00eda, las Becas de Movilidad, Becas del Conocimiento, Santa Fe Capacita con Perspectiva de G\u00e9nero, el programa de Transformaci\u00f3n Digital, entre otros. La conectividad, sin dudas, asumi\u00f3 un rol fundamental para generar esas oportunidades y ese camino de la inclusi\u00f3n, basado en la infraestructura necesaria para ese crecimiento y ese desarrollo profesional\u201d, finaliz\u00f3 Baima.<\/p>\n\n\n\n<p>Del Foro participaron tambi\u00e9n el Embajador de la Rep\u00fablica Federal de Alemania, Ulrich Sante; el representante de la Fundaci\u00f3n Friedrich Naumann para la Libertad en Argentina, Lars-Andr\u00e9 Richter; y el vicepresidente de la C\u00e1mara de Industria y Comercio Argentino-Alemana, Federico Schroer.<\/p>\n\n\n\n<p><strong>SOBRE EL FORO<\/strong><\/p>\n\n\n\n<p>El Foro consta de una serie de eventos y proyectos con el fin de profundizar el intercambio, la reflexi\u00f3n conjunta y la cooperaci\u00f3n entre Alemania y Argentina en los sectores de la econom\u00eda, la ciencia, la cultura y la pol\u00edtica orientados a los desaf\u00edos del futuro. El Foro Futuro es un espacio multisectorial y bilateral de di\u00e1logo, intercambio de conocimiento, an\u00e1lisis de experiencias y avances en la cooperaci\u00f3n tanto en la transformaci\u00f3n digital e industria 4.0, como tambi\u00e9n en la transici\u00f3n energ\u00e9tica.<\/p>\n","protected":false},"excerpt":{"rendered":"<p>Se trat\u00f3 de un panel-debate dentro del Foro que busca profundizar el intercambio, la reflexi\u00f3n conjunta y la cooperaci\u00f3n entre Alemania y Argentina en sectores de la econom\u00eda, la ciencia, la cultura y la pol\u00edtica orientados a los desaf\u00edos del futuro. El Gobierno de Santa Fe, a trav\u00e9s de la Secretar\u00eda de Ciencia, Tecnolog\u00eda e <a href=\"https:\/\/armstrongyregion.com.ar\/diario\/la-provincia-participo-del-foro-futuro-argentino-aleman-formacion-profesional-en-la-era-digital\/\" title=\"Read more\" >&#8230;<\/a><\/p>\n","protected":false},"author":1,"featured_media":36560,"comment_status":"open","ping_status":"open","sticky":false,"template":"","format":"image","meta":{"_jetpack_memberships_contains_paid_content":false,"footnotes":"","jetpack_publicize_message":"","jetpack_publicize_feature_enabled":true,"jetpack_social_post_already_shared":true,"jetpack_social_options":{"image_generator_settings":{"template":"highway","default_image_id":0,"enabled":false},"version":2}},"categories":[8,1,2,7,3],"tags":[8648,8647,53,8649,3913,3102,2254,31,992,8640],"class_list":["post-36559","post","type-post","status-publish","format-image","has-post-thumbnail","hentry","category-deliberando","category-diario-armstrong","category-locales","category-politica","category-region","tag-aleman","tag-argentino-2","tag-del","tag-digital","tag-era","tag-foro","tag-futuro","tag-la","tag-participo","tag-provincia-2","post_format-post-format-image"],"jetpack_publicize_connections":[],"jetpack_featured_media_url":"https:\/\/armstrongyregion.com.ar\/diario\/wp-content\/uploads\/2022\/11\/foro-aleman..jpg","jetpack_shortlink":"https:\/\/wp.me\/p62QDO-9vF","jetpack_sharing_enabled":true,"amp_enabled":true,"_links":{"self":[{"href":"https:\/\/armstrongyregion.com.ar\/diario\/wp-json\/wp\/v2\/posts\/36559","targetHints":{"allow":["GET"]}}],"collection":[{"href":"https:\/\/armstrongyregion.com.ar\/diario\/wp-json\/wp\/v2\/posts"}],"about":[{"href":"https:\/\/armstrongyregion.com.ar\/diario\/wp-json\/wp\/v2\/types\/post"}],"author":[{"embeddable":true,"href":"https:\/\/armstrongyregion.com.ar\/diario\/wp-json\/wp\/v2\/users\/1"}],"replies":[{"embeddable":true,"href":"https:\/\/armstrongyregion.com.ar\/diario\/wp-json\/wp\/v2\/comments?post=36559"}],"version-history":[{"count":1,"href":"https:\/\/armstrongyregion.com.ar\/diario\/wp-json\/wp\/v2\/posts\/36559\/revisions"}],"predecessor-version":[{"id":36561,"href":"https:\/\/armstrongyregion.com.ar\/diario\/wp-json\/wp\/v2\/posts\/36559\/revisions\/36561"}],"wp:featuredmedia":[{"embeddable":true,"href":"https:\/\/armstrongyregion.com.ar\/diario\/wp-json\/wp\/v2\/media\/36560"}],"wp:attachment":[{"href":"https:\/\/armstrongyregion.com.ar\/diario\/wp-json\/wp\/v2\/media?parent=36559"}],"wp:term":[{"taxonomy":"category","embeddable":true,"href":"https:\/\/armstrongyregion.com.ar\/diario\/wp-json\/wp\/v2\/categories?post=36559"},{"taxonomy":"post_tag","embeddable":true,"href":"https:\/\/armstrongyregion.com.ar\/diario\/wp-json\/wp\/v2\/tags?post=36559"}],"curies":[{"name":"wp","href":"https:\/\/api.w.org\/{rel}","templated":true}]}}