{"id":36555,"date":"2022-11-17T22:40:30","date_gmt":"2022-11-17T22:40:30","guid":{"rendered":"https:\/\/armstrongyregion.com.ar\/diario\/?p=36555"},"modified":"2022-11-17T22:42:02","modified_gmt":"2022-11-17T22:42:02","slug":"la-provincia-incorpora-vehiculos-para-comisarias-del-departamento-iriondo","status":"publish","type":"post","link":"https:\/\/armstrongyregion.com.ar\/diario\/la-provincia-incorpora-vehiculos-para-comisarias-del-departamento-iriondo\/","title":{"rendered":"La provincia incorpora veh\u00edculos para comisar\u00edas del departamento Iriondo."},"content":{"rendered":"\n<figure class=\"wp-block-image size-full\"><a href=\"http:\/\/armstrongyregion.com.ar\/diario\/wp-content\/uploads\/2022\/11\/policiales-.jpg\"><img loading=\"lazy\" decoding=\"async\" width=\"570\" height=\"320\" src=\"http:\/\/armstrongyregion.com.ar\/diario\/wp-content\/uploads\/2022\/11\/policiales-.jpg\" alt=\"\" class=\"wp-image-36556\" srcset=\"https:\/\/armstrongyregion.com.ar\/diario\/wp-content\/uploads\/2022\/11\/policiales-.jpg 570w, https:\/\/armstrongyregion.com.ar\/diario\/wp-content\/uploads\/2022\/11\/policiales--300x168.jpg 300w\" sizes=\"auto, (max-width: 570px) 100vw, 570px\" \/><\/a><\/figure>\n\n\n\n<p>Son seis camionetas Volkswagen Amarok pick up 4&#215;2 destinadas a las localidades de Ca\u00f1ada de G\u00f3mez, Oliveros, Salto Grande y Andino.<\/p>\n\n\n\n<p>El gobierno de la provincia, a trav\u00e9s del Ministerio de Seguridad, entreg\u00f3 este jueves seis camionetas para el departamento Iriondo, distribuidas en las comisar\u00edas de Ca\u00f1ada de G\u00f3mez, Oliveros, Salto Grande y Andino.<\/p>\n\n\n\n<p>El subsecretario de Pol\u00edtica para la Seguridad, Edgardo Glavinich, resalt\u00f3 que \u201chay que fortalecer los instrumentos con los que contamos y ese compromiso de generar nuevas fortalezas y capacidades de la polic\u00eda y del Ministerio de Seguridad, est\u00e1 desde el d\u00eda uno, en el plan que implement\u00f3 el gobernador Omar Perotti, con ejes fundamentales como mayor tecnolog\u00eda, mayor capacidad operativa, renovaci\u00f3n del parque automotor, m\u00e1s personal, m\u00e1s profesionalismo, pero sobre todo m\u00e1s compromiso y responsabilidad de mantener segura a la poblaci\u00f3n de Santa Fe\u201d.<\/p>\n\n\n\n<p>\u201cEstamos convencidos que la estrategia de seguridad integrada es la oportuna en este momento en todo el territorio, el plan contin\u00faa, las estrategias var\u00edan y los resultados lo est\u00e1n demostrando\u201d, se\u00f1al\u00f3 el funcionario.<\/p>\n\n\n\n<p><strong>PRESENTES<\/strong><\/p>\n\n\n\n<p>Estuvieron tambi\u00e9n presentes el senador por el departamento Iriondo, Hugo Jes\u00fas Rasetto; el jefe de la plana mayor de polic\u00eda, Hern\u00e1n Ferrero y autoridades policiales y locales.<\/p>\n","protected":false},"excerpt":{"rendered":"<p>Son seis camionetas Volkswagen Amarok pick up 4&#215;2 destinadas a las localidades de Ca\u00f1ada de G\u00f3mez, Oliveros, Salto Grande y Andino. El gobierno de la provincia, a trav\u00e9s del Ministerio de Seguridad, entreg\u00f3 este jueves seis camionetas para el departamento Iriondo, distribuidas en las comisar\u00edas de Ca\u00f1ada de G\u00f3mez, Oliveros, Salto Grande y Andino. El <a href=\"https:\/\/armstrongyregion.com.ar\/diario\/la-provincia-incorpora-vehiculos-para-comisarias-del-departamento-iriondo\/\" title=\"Read more\" >&#8230;<\/a><\/p>\n","protected":false},"author":1,"featured_media":36556,"comment_status":"open","ping_status":"open","sticky":false,"template":"","format":"image","meta":{"_jetpack_memberships_contains_paid_content":false,"footnotes":"","jetpack_publicize_message":"","jetpack_publicize_feature_enabled":true,"jetpack_social_post_already_shared":true,"jetpack_social_options":{"image_generator_settings":{"template":"highway","default_image_id":0,"enabled":false},"version":2}},"categories":[8,1,2,7,3],"tags":[179,872,112,8605,31,2809,8640],"class_list":["post-36555","post","type-post","status-publish","format-image","has-post-thumbnail","hentry","category-deliberando","category-diario-armstrong","category-locales","category-politica","category-region","tag-al","tag-departamento","tag-entrego","tag-iriondo-2","tag-la","tag-moviles","tag-provincia-2","post_format-post-format-image"],"jetpack_publicize_connections":[],"jetpack_featured_media_url":"https:\/\/armstrongyregion.com.ar\/diario\/wp-content\/uploads\/2022\/11\/policiales-.jpg","jetpack_shortlink":"https:\/\/wp.me\/p62QDO-9vB","jetpack_sharing_enabled":true,"amp_enabled":true,"_links":{"self":[{"href":"https:\/\/armstrongyregion.com.ar\/diario\/wp-json\/wp\/v2\/posts\/36555","targetHints":{"allow":["GET"]}}],"collection":[{"href":"https:\/\/armstrongyregion.com.ar\/diario\/wp-json\/wp\/v2\/posts"}],"about":[{"href":"https:\/\/armstrongyregion.com.ar\/diario\/wp-json\/wp\/v2\/types\/post"}],"author":[{"embeddable":true,"href":"https:\/\/armstrongyregion.com.ar\/diario\/wp-json\/wp\/v2\/users\/1"}],"replies":[{"embeddable":true,"href":"https:\/\/armstrongyregion.com.ar\/diario\/wp-json\/wp\/v2\/comments?post=36555"}],"version-history":[{"count":1,"href":"https:\/\/armstrongyregion.com.ar\/diario\/wp-json\/wp\/v2\/posts\/36555\/revisions"}],"predecessor-version":[{"id":36557,"href":"https:\/\/armstrongyregion.com.ar\/diario\/wp-json\/wp\/v2\/posts\/36555\/revisions\/36557"}],"wp:featuredmedia":[{"embeddable":true,"href":"https:\/\/armstrongyregion.com.ar\/diario\/wp-json\/wp\/v2\/media\/36556"}],"wp:attachment":[{"href":"https:\/\/armstrongyregion.com.ar\/diario\/wp-json\/wp\/v2\/media?parent=36555"}],"wp:term":[{"taxonomy":"category","embeddable":true,"href":"https:\/\/armstrongyregion.com.ar\/diario\/wp-json\/wp\/v2\/categories?post=36555"},{"taxonomy":"post_tag","embeddable":true,"href":"https:\/\/armstrongyregion.com.ar\/diario\/wp-json\/wp\/v2\/tags?post=36555"}],"curies":[{"name":"wp","href":"https:\/\/api.w.org\/{rel}","templated":true}]}}