{"id":36551,"date":"2022-11-17T22:27:38","date_gmt":"2022-11-17T22:27:38","guid":{"rendered":"https:\/\/armstrongyregion.com.ar\/diario\/?p=36551"},"modified":"2022-11-17T22:38:14","modified_gmt":"2022-11-17T22:38:14","slug":"casalegno-participo-de-la-llegada-de-tres-moviles-policiales-para-la-ciudad","status":"publish","type":"post","link":"https:\/\/armstrongyregion.com.ar\/diario\/casalegno-participo-de-la-llegada-de-tres-moviles-policiales-para-la-ciudad\/","title":{"rendered":"Casalegno particip\u00f3 de la llegada de tres m\u00f3viles policiales para la ciudad."},"content":{"rendered":"\n<figure class=\"wp-block-image size-full\"><a href=\"http:\/\/armstrongyregion.com.ar\/diario\/wp-content\/uploads\/2022\/11\/Casalegno-moviles-.jpg\"><img loading=\"lazy\" decoding=\"async\" width=\"400\" height=\"300\" src=\"http:\/\/armstrongyregion.com.ar\/diario\/wp-content\/uploads\/2022\/11\/Casalegno-moviles-.jpg\" alt=\"\" class=\"wp-image-36552\" srcset=\"https:\/\/armstrongyregion.com.ar\/diario\/wp-content\/uploads\/2022\/11\/Casalegno-moviles-.jpg 400w, https:\/\/armstrongyregion.com.ar\/diario\/wp-content\/uploads\/2022\/11\/Casalegno-moviles--300x225.jpg 300w\" sizes=\"auto, (max-width: 400px) 100vw, 400px\" \/><\/a><\/figure>\n\n\n\n<p>El presidente del Concejo a cargo del Ejecutivo, Marcelo Casalegno, particip\u00f3 esta ma\u00f1ana del acto de presentaci\u00f3n de tres nuevos m\u00f3viles policiales que llegan a la ciudad, por parte del Ministerio de Seguridad de Santa Fe, en un acto encabezado por el jefe de la Unidad Regional X, Mauro Bonomo, y autoridades del Ministerio.<\/p>\n\n\n\n<p>De las nuevas unidades, Amarok 3 x 2 totalmente equipadas, adem\u00e1s de las que quedaron en nuestra ciudad, se hizo entrega tambi\u00e9n a Andino, Salto Grande y Oliveros. \u201cCelebramos la llegada de estos m\u00f3viles y continuamos trabajando junto a la Unidad Regional X y Ministerio de Seguridad\u201d, expres\u00f3 Casalegno.&nbsp;<\/p>\n","protected":false},"excerpt":{"rendered":"<p>El presidente del Concejo a cargo del Ejecutivo, Marcelo Casalegno, particip\u00f3 esta ma\u00f1ana del acto de presentaci\u00f3n de tres nuevos m\u00f3viles policiales que llegan a la ciudad, por parte del Ministerio de Seguridad de Santa Fe, en un acto encabezado por el jefe de la Unidad Regional X, Mauro Bonomo, y autoridades del Ministerio. De <a href=\"https:\/\/armstrongyregion.com.ar\/diario\/casalegno-participo-de-la-llegada-de-tres-moviles-policiales-para-la-ciudad\/\" title=\"Read more\" >&#8230;<\/a><\/p>\n","protected":false},"author":1,"featured_media":36552,"comment_status":"open","ping_status":"open","sticky":false,"template":"","format":"image","meta":{"_jetpack_memberships_contains_paid_content":false,"footnotes":"","jetpack_publicize_message":"","jetpack_publicize_feature_enabled":true,"jetpack_social_post_already_shared":true,"jetpack_social_options":{"image_generator_settings":{"template":"highway","default_image_id":0,"enabled":false},"version":2}},"categories":[8,1,2,7,3],"tags":[588,8646,19,31,8644,2809,81,992,1368,8645],"class_list":["post-36551","post","type-post","status-publish","format-image","has-post-thumbnail","hentry","category-deliberando","category-diario-armstrong","category-locales","category-politica","category-region","tag-casalegno","tag-ciudad-2","tag-de","tag-la","tag-llegada","tag-moviles","tag-para","tag-participo","tag-policiales","tag-tres-2","post_format-post-format-image"],"jetpack_publicize_connections":[],"jetpack_featured_media_url":"https:\/\/armstrongyregion.com.ar\/diario\/wp-content\/uploads\/2022\/11\/Casalegno-moviles-.jpg","jetpack_shortlink":"https:\/\/wp.me\/p62QDO-9vx","jetpack_sharing_enabled":true,"amp_enabled":true,"_links":{"self":[{"href":"https:\/\/armstrongyregion.com.ar\/diario\/wp-json\/wp\/v2\/posts\/36551","targetHints":{"allow":["GET"]}}],"collection":[{"href":"https:\/\/armstrongyregion.com.ar\/diario\/wp-json\/wp\/v2\/posts"}],"about":[{"href":"https:\/\/armstrongyregion.com.ar\/diario\/wp-json\/wp\/v2\/types\/post"}],"author":[{"embeddable":true,"href":"https:\/\/armstrongyregion.com.ar\/diario\/wp-json\/wp\/v2\/users\/1"}],"replies":[{"embeddable":true,"href":"https:\/\/armstrongyregion.com.ar\/diario\/wp-json\/wp\/v2\/comments?post=36551"}],"version-history":[{"count":1,"href":"https:\/\/armstrongyregion.com.ar\/diario\/wp-json\/wp\/v2\/posts\/36551\/revisions"}],"predecessor-version":[{"id":36553,"href":"https:\/\/armstrongyregion.com.ar\/diario\/wp-json\/wp\/v2\/posts\/36551\/revisions\/36553"}],"wp:featuredmedia":[{"embeddable":true,"href":"https:\/\/armstrongyregion.com.ar\/diario\/wp-json\/wp\/v2\/media\/36552"}],"wp:attachment":[{"href":"https:\/\/armstrongyregion.com.ar\/diario\/wp-json\/wp\/v2\/media?parent=36551"}],"wp:term":[{"taxonomy":"category","embeddable":true,"href":"https:\/\/armstrongyregion.com.ar\/diario\/wp-json\/wp\/v2\/categories?post=36551"},{"taxonomy":"post_tag","embeddable":true,"href":"https:\/\/armstrongyregion.com.ar\/diario\/wp-json\/wp\/v2\/tags?post=36551"}],"curies":[{"name":"wp","href":"https:\/\/api.w.org\/{rel}","templated":true}]}}