{"id":36543,"date":"2022-11-17T22:18:28","date_gmt":"2022-11-17T22:18:28","guid":{"rendered":"https:\/\/armstrongyregion.com.ar\/diario\/?p=36543"},"modified":"2022-11-17T22:19:48","modified_gmt":"2022-11-17T22:19:48","slug":"el-senador-rasetto-acompano-la-entrega-de-moviles-en-la-urx-para-el-departamento-iriondo","status":"publish","type":"post","link":"https:\/\/armstrongyregion.com.ar\/diario\/el-senador-rasetto-acompano-la-entrega-de-moviles-en-la-urx-para-el-departamento-iriondo\/","title":{"rendered":"\u00a0El Senador Rasetto acompa\u00f1\u00f3 la entrega de m\u00f3viles en la URX para el Departamento Iriondo."},"content":{"rendered":"\n<figure class=\"wp-block-image size-full\"><a href=\"http:\/\/armstrongyregion.com.ar\/diario\/wp-content\/uploads\/2022\/11\/Entrega-moviles.jpg\"><img loading=\"lazy\" decoding=\"async\" width=\"320\" height=\"240\" src=\"http:\/\/armstrongyregion.com.ar\/diario\/wp-content\/uploads\/2022\/11\/Entrega-moviles.jpg\" alt=\"\" class=\"wp-image-36544\" srcset=\"https:\/\/armstrongyregion.com.ar\/diario\/wp-content\/uploads\/2022\/11\/Entrega-moviles.jpg 320w, https:\/\/armstrongyregion.com.ar\/diario\/wp-content\/uploads\/2022\/11\/Entrega-moviles-300x225.jpg 300w\" sizes=\"auto, (max-width: 320px) 100vw, 320px\" \/><\/a><\/figure>\n\n\n\n<p>El Senador Departamental por Iriondo Hugo Jes\u00fas Rasetto acompa\u00f1o este jueves por la ma\u00f1ana al Ministerio de Seguridad de la Provincia de Santa Fe en la entrega de seis nuevos m\u00f3viles a la Unidad Regional X.<\/p>\n\n\n\n<p>Se trata de seis camionetas nuevas que ser\u00e1n destinadas a:<\/p>\n\n\n\n<p>Comisar\u00eda 1ra, 2da y Comando Radioel\u00e9ctrico de Ca\u00f1ada de G\u00f3mez.<\/p>\n\n\n\n<p>Comisar\u00eda 7ma de Salto Grande<\/p>\n\n\n\n<p>Comisar\u00eda 12da de Oliveros<\/p>\n\n\n\n<p>Comisar\u00eda 13ra Pueblo Andino.<\/p>\n\n\n\n<p>Estuvieron presentes el Sr.Magister Subsecretario de Pol\u00edticas de Seguridad P\u00fablica, Edgardo Glavinich , la Directora Provincial de Comunicaci\u00f3n Ministerial Alina Pozzolo, Jefe de plana Mayor Provincial Director Gral. de Polic\u00eda Hern\u00e1n Ferrero, Jefe de URX Subdirector de Polic\u00eda Bonomo Mauro Dami\u00e1n, el Sr. 2do Jefe de UR Subdirector de Polic\u00eda Carrizo Rodolfo, Plana Mayor de URX, Jefes policiales de las dependencias que recibieron m\u00f3viles y autoridades de las localidades que recibieron los m\u00f3viles.<\/p>\n","protected":false},"excerpt":{"rendered":"<p>El Senador Departamental por Iriondo Hugo Jes\u00fas Rasetto acompa\u00f1o este jueves por la ma\u00f1ana al Ministerio de Seguridad de la Provincia de Santa Fe en la entrega de seis nuevos m\u00f3viles a la Unidad Regional X. Se trata de seis camionetas nuevas que ser\u00e1n destinadas a: Comisar\u00eda 1ra, 2da y Comando Radioel\u00e9ctrico de Ca\u00f1ada de <a href=\"https:\/\/armstrongyregion.com.ar\/diario\/el-senador-rasetto-acompano-la-entrega-de-moviles-en-la-urx-para-el-departamento-iriondo\/\" title=\"Read more\" >&#8230;<\/a><\/p>\n","protected":false},"author":1,"featured_media":36544,"comment_status":"open","ping_status":"open","sticky":false,"template":"","format":"image","meta":{"_jetpack_memberships_contains_paid_content":false,"footnotes":"","jetpack_publicize_message":"","jetpack_publicize_feature_enabled":true,"jetpack_social_post_already_shared":true,"jetpack_social_options":{"image_generator_settings":{"template":"highway","default_image_id":0,"enabled":false},"version":2}},"categories":[8,1,2852,7,3],"tags":[8592,323,2809,1368,977],"class_list":["post-36543","post","type-post","status-publish","format-image","has-post-thumbnail","hentry","category-deliberando","category-diario-armstrong","category-policiales","category-politica","category-region","tag-acompano-2","tag-entrega","tag-moviles","tag-policiales","tag-rasetto","post_format-post-format-image"],"jetpack_publicize_connections":[],"jetpack_featured_media_url":"https:\/\/armstrongyregion.com.ar\/diario\/wp-content\/uploads\/2022\/11\/Entrega-moviles.jpg","jetpack_shortlink":"https:\/\/wp.me\/p62QDO-9vp","jetpack_sharing_enabled":true,"amp_enabled":true,"_links":{"self":[{"href":"https:\/\/armstrongyregion.com.ar\/diario\/wp-json\/wp\/v2\/posts\/36543","targetHints":{"allow":["GET"]}}],"collection":[{"href":"https:\/\/armstrongyregion.com.ar\/diario\/wp-json\/wp\/v2\/posts"}],"about":[{"href":"https:\/\/armstrongyregion.com.ar\/diario\/wp-json\/wp\/v2\/types\/post"}],"author":[{"embeddable":true,"href":"https:\/\/armstrongyregion.com.ar\/diario\/wp-json\/wp\/v2\/users\/1"}],"replies":[{"embeddable":true,"href":"https:\/\/armstrongyregion.com.ar\/diario\/wp-json\/wp\/v2\/comments?post=36543"}],"version-history":[{"count":1,"href":"https:\/\/armstrongyregion.com.ar\/diario\/wp-json\/wp\/v2\/posts\/36543\/revisions"}],"predecessor-version":[{"id":36545,"href":"https:\/\/armstrongyregion.com.ar\/diario\/wp-json\/wp\/v2\/posts\/36543\/revisions\/36545"}],"wp:featuredmedia":[{"embeddable":true,"href":"https:\/\/armstrongyregion.com.ar\/diario\/wp-json\/wp\/v2\/media\/36544"}],"wp:attachment":[{"href":"https:\/\/armstrongyregion.com.ar\/diario\/wp-json\/wp\/v2\/media?parent=36543"}],"wp:term":[{"taxonomy":"category","embeddable":true,"href":"https:\/\/armstrongyregion.com.ar\/diario\/wp-json\/wp\/v2\/categories?post=36543"},{"taxonomy":"post_tag","embeddable":true,"href":"https:\/\/armstrongyregion.com.ar\/diario\/wp-json\/wp\/v2\/tags?post=36543"}],"curies":[{"name":"wp","href":"https:\/\/api.w.org\/{rel}","templated":true}]}}