{"id":36540,"date":"2022-11-17T04:12:55","date_gmt":"2022-11-17T04:12:55","guid":{"rendered":"https:\/\/armstrongyregion.com.ar\/diario\/?p=36540"},"modified":"2022-11-17T04:12:59","modified_gmt":"2022-11-17T04:12:59","slug":"finalizo-la-obra-de-cordon-cuneta-en-calle-elisa","status":"publish","type":"post","link":"https:\/\/armstrongyregion.com.ar\/diario\/finalizo-la-obra-de-cordon-cuneta-en-calle-elisa\/","title":{"rendered":"Finaliz\u00f3 la obra de cord\u00f3n cuneta en calle Elisa."},"content":{"rendered":"\n<figure class=\"wp-block-image size-full\"><a href=\"http:\/\/armstrongyregion.com.ar\/diario\/wp-content\/uploads\/2022\/11\/calle_elisa_1.jpg\"><img loading=\"lazy\" decoding=\"async\" width=\"675\" height=\"450\" src=\"http:\/\/armstrongyregion.com.ar\/diario\/wp-content\/uploads\/2022\/11\/calle_elisa_1.jpg\" alt=\"\" class=\"wp-image-36541\" srcset=\"https:\/\/armstrongyregion.com.ar\/diario\/wp-content\/uploads\/2022\/11\/calle_elisa_1.jpg 675w, https:\/\/armstrongyregion.com.ar\/diario\/wp-content\/uploads\/2022\/11\/calle_elisa_1-300x200.jpg 300w\" sizes=\"auto, (max-width: 675px) 100vw, 675px\" \/><\/a><\/figure>\n\n\n\n<p>A partir de la licitaci\u00f3n p\u00fablica N\u00b0 09\/2022 realizada oportunamente, la Municipalidad de Armstrong ha finalizado la obra de cord\u00f3n cuneta en calle Elisa en toda su extensi\u00f3n, desde calle Schaer hasta Tortugas.<\/p>\n\n\n\n<p>La misma se gestion\u00f3 por el plan provincial Incluir 2021 y la empresa local Merochenich S.R.L. fue la constructora por un monto de contrato de $ 11.898.147,59.<\/p>\n\n\n\n<p>La obra de cord\u00f3n cuneta se acompa\u00f1\u00f3 con la instalaci\u00f3n de nueva iluminaci\u00f3n led.<\/p>\n\n\n\n<figure class=\"wp-block-image\"><img decoding=\"async\" src=\"https:\/\/www.armstrong.gov.ar\/2020\/images\/articulos2022\/calle_elisa_2.jpg\" alt=\"calle elisa 2\"\/><\/figure>\n\n\n\n<p>\u201cSeguimos avanzando. Uno de los objetivos es poder llegar a cada barrio. Los vecinos est\u00e1n contentos, y eso es lo m\u00e1s importante porque nuestra funci\u00f3n es mejorar la calidad de vida en cada uno de los sectores de la ciudad\u201d, resalt\u00f3 el Intendente Verdecchia.<\/p>\n","protected":false},"excerpt":{"rendered":"<p>A partir de la licitaci\u00f3n p\u00fablica N\u00b0 09\/2022 realizada oportunamente, la Municipalidad de Armstrong ha finalizado la obra de cord\u00f3n cuneta en calle Elisa en toda su extensi\u00f3n, desde calle Schaer hasta Tortugas. La misma se gestion\u00f3 por el plan provincial Incluir 2021 y la empresa local Merochenich S.R.L. fue la constructora por un monto <a href=\"https:\/\/armstrongyregion.com.ar\/diario\/finalizo-la-obra-de-cordon-cuneta-en-calle-elisa\/\" title=\"Read more\" >&#8230;<\/a><\/p>\n","protected":false},"author":1,"featured_media":36541,"comment_status":"open","ping_status":"open","sticky":false,"template":"","format":"image","meta":{"_jetpack_memberships_contains_paid_content":false,"footnotes":"","jetpack_publicize_message":"","jetpack_publicize_feature_enabled":true,"jetpack_social_post_already_shared":true,"jetpack_social_options":{"image_generator_settings":{"template":"highway","default_image_id":0,"enabled":false},"version":2}},"categories":[8,1,2,7],"tags":[20,345,2401,2402,19,8636,15,8637,31,635],"class_list":["post-36540","post","type-post","status-publish","format-image","has-post-thumbnail","hentry","category-deliberando","category-diario-armstrong","category-locales","category-politica","tag-armstrong","tag-calle","tag-cordon","tag-cuneta","tag-de","tag-elisa","tag-en","tag-finalizo","tag-la","tag-obra","post_format-post-format-image"],"jetpack_publicize_connections":[],"jetpack_featured_media_url":"https:\/\/armstrongyregion.com.ar\/diario\/wp-content\/uploads\/2022\/11\/calle_elisa_1.jpg","jetpack_shortlink":"https:\/\/wp.me\/p62QDO-9vm","jetpack_sharing_enabled":true,"amp_enabled":true,"_links":{"self":[{"href":"https:\/\/armstrongyregion.com.ar\/diario\/wp-json\/wp\/v2\/posts\/36540","targetHints":{"allow":["GET"]}}],"collection":[{"href":"https:\/\/armstrongyregion.com.ar\/diario\/wp-json\/wp\/v2\/posts"}],"about":[{"href":"https:\/\/armstrongyregion.com.ar\/diario\/wp-json\/wp\/v2\/types\/post"}],"author":[{"embeddable":true,"href":"https:\/\/armstrongyregion.com.ar\/diario\/wp-json\/wp\/v2\/users\/1"}],"replies":[{"embeddable":true,"href":"https:\/\/armstrongyregion.com.ar\/diario\/wp-json\/wp\/v2\/comments?post=36540"}],"version-history":[{"count":1,"href":"https:\/\/armstrongyregion.com.ar\/diario\/wp-json\/wp\/v2\/posts\/36540\/revisions"}],"predecessor-version":[{"id":36542,"href":"https:\/\/armstrongyregion.com.ar\/diario\/wp-json\/wp\/v2\/posts\/36540\/revisions\/36542"}],"wp:featuredmedia":[{"embeddable":true,"href":"https:\/\/armstrongyregion.com.ar\/diario\/wp-json\/wp\/v2\/media\/36541"}],"wp:attachment":[{"href":"https:\/\/armstrongyregion.com.ar\/diario\/wp-json\/wp\/v2\/media?parent=36540"}],"wp:term":[{"taxonomy":"category","embeddable":true,"href":"https:\/\/armstrongyregion.com.ar\/diario\/wp-json\/wp\/v2\/categories?post=36540"},{"taxonomy":"post_tag","embeddable":true,"href":"https:\/\/armstrongyregion.com.ar\/diario\/wp-json\/wp\/v2\/tags?post=36540"}],"curies":[{"name":"wp","href":"https:\/\/api.w.org\/{rel}","templated":true}]}}