{"id":36523,"date":"2022-11-17T03:38:26","date_gmt":"2022-11-17T03:38:26","guid":{"rendered":"https:\/\/armstrongyregion.com.ar\/diario\/?p=36523"},"modified":"2022-11-17T03:38:30","modified_gmt":"2022-11-17T03:38:30","slug":"el-ministro-corach-mantuvo-un-encuentro-de-trabajo-con-el-intendente-de-las-parejas","status":"publish","type":"post","link":"https:\/\/armstrongyregion.com.ar\/diario\/el-ministro-corach-mantuvo-un-encuentro-de-trabajo-con-el-intendente-de-las-parejas\/","title":{"rendered":"El ministro Corach mantuvo un encuentro de trabajo con el intendente de Las Parejas."},"content":{"rendered":"\n<figure class=\"wp-block-image size-full\"><a href=\"http:\/\/armstrongyregion.com.ar\/diario\/wp-content\/uploads\/2022\/11\/corach-compagnucci-.jpg\"><img loading=\"lazy\" decoding=\"async\" width=\"570\" height=\"320\" src=\"http:\/\/armstrongyregion.com.ar\/diario\/wp-content\/uploads\/2022\/11\/corach-compagnucci-.jpg\" alt=\"\" class=\"wp-image-36524\" srcset=\"https:\/\/armstrongyregion.com.ar\/diario\/wp-content\/uploads\/2022\/11\/corach-compagnucci-.jpg 570w, https:\/\/armstrongyregion.com.ar\/diario\/wp-content\/uploads\/2022\/11\/corach-compagnucci--300x168.jpg 300w\" sizes=\"auto, (max-width: 570px) 100vw, 570px\" \/><\/a><\/figure>\n\n\n\n<p>Durante el encuentro, el titular de la cartera de Gesti\u00f3n P\u00fablica y del ejecutivo municipal trabajaron sobre la extensi\u00f3n del Parque Industrial y obras de infraestructura para la ciudad.<\/p>\n\n\n\n<p>El ministro de Gesti\u00f3n P\u00fablica, Marcos Corach, mantuvo un encuentro de trabajo con el intendente de Las Parejas, Horacio Campagnuci, y parte de su gabinete municipal.<\/p>\n\n\n\n<p>Al respecto, Corach detall\u00f3 que \u201ctrabajamos cuestiones de la ciudad referidas al tema productivo y la posibilidad de extensi\u00f3n de su parque productivo. Hoy tienen necesidades y requerimientos de extensi\u00f3n para el \u00e1rea industrial de Las Parejas\u201d.<\/p>\n\n\n\n<p>\u201cAdem\u00e1s coordinamos algunas obras de infraestructura para la ciudad, entre ellos, un Plan Incluir que estaremos firmando en los pr\u00f3ximos d\u00edas. En Las Parejas, como en toda la provincia, las obras avanzan\u201d, agreg\u00f3 Corach tras la reuni\u00f3n de trabajo con el intendente de la ciudad ubicada en el departamento Belgrano.<\/p>\n\n\n\n<p>Durante el encuentro, llevado a cabo este mi\u00e9rcoles, particip\u00f3 tambi\u00e9n del encuentro el secretario de Integraci\u00f3n y Fortalecimiento Institucional de Santa Fe, Jos\u00e9 Luis Freyre.<\/p>\n","protected":false},"excerpt":{"rendered":"<p>Durante el encuentro, el titular de la cartera de Gesti\u00f3n P\u00fablica y del ejecutivo municipal trabajaron sobre la extensi\u00f3n del Parque Industrial y obras de infraestructura para la ciudad. El ministro de Gesti\u00f3n P\u00fablica, Marcos Corach, mantuvo un encuentro de trabajo con el intendente de Las Parejas, Horacio Campagnuci, y parte de su gabinete municipal. <a href=\"https:\/\/armstrongyregion.com.ar\/diario\/el-ministro-corach-mantuvo-un-encuentro-de-trabajo-con-el-intendente-de-las-parejas\/\" title=\"Read more\" >&#8230;<\/a><\/p>\n","protected":false},"author":1,"featured_media":36524,"comment_status":"open","ping_status":"open","sticky":false,"template":"","format":"image","meta":{"_jetpack_memberships_contains_paid_content":false,"footnotes":"","jetpack_publicize_message":"","jetpack_publicize_feature_enabled":true,"jetpack_social_post_already_shared":true,"jetpack_social_options":{"image_generator_settings":{"template":"highway","default_image_id":0,"enabled":false},"version":2}},"categories":[8,1,7,3],"tags":[8631,8630,16,63,23,3815,1189,24],"class_list":["post-36523","post","type-post","status-publish","format-image","has-post-thumbnail","hentry","category-deliberando","category-diario-armstrong","category-politica","category-region","tag-con-intendente","tag-corach","tag-el","tag-encuentro","tag-las","tag-mantuvo","tag-ministro","tag-parejas","post_format-post-format-image"],"jetpack_publicize_connections":[],"jetpack_featured_media_url":"https:\/\/armstrongyregion.com.ar\/diario\/wp-content\/uploads\/2022\/11\/corach-compagnucci-.jpg","jetpack_shortlink":"https:\/\/wp.me\/p62QDO-9v5","jetpack_sharing_enabled":true,"amp_enabled":true,"_links":{"self":[{"href":"https:\/\/armstrongyregion.com.ar\/diario\/wp-json\/wp\/v2\/posts\/36523","targetHints":{"allow":["GET"]}}],"collection":[{"href":"https:\/\/armstrongyregion.com.ar\/diario\/wp-json\/wp\/v2\/posts"}],"about":[{"href":"https:\/\/armstrongyregion.com.ar\/diario\/wp-json\/wp\/v2\/types\/post"}],"author":[{"embeddable":true,"href":"https:\/\/armstrongyregion.com.ar\/diario\/wp-json\/wp\/v2\/users\/1"}],"replies":[{"embeddable":true,"href":"https:\/\/armstrongyregion.com.ar\/diario\/wp-json\/wp\/v2\/comments?post=36523"}],"version-history":[{"count":1,"href":"https:\/\/armstrongyregion.com.ar\/diario\/wp-json\/wp\/v2\/posts\/36523\/revisions"}],"predecessor-version":[{"id":36525,"href":"https:\/\/armstrongyregion.com.ar\/diario\/wp-json\/wp\/v2\/posts\/36523\/revisions\/36525"}],"wp:featuredmedia":[{"embeddable":true,"href":"https:\/\/armstrongyregion.com.ar\/diario\/wp-json\/wp\/v2\/media\/36524"}],"wp:attachment":[{"href":"https:\/\/armstrongyregion.com.ar\/diario\/wp-json\/wp\/v2\/media?parent=36523"}],"wp:term":[{"taxonomy":"category","embeddable":true,"href":"https:\/\/armstrongyregion.com.ar\/diario\/wp-json\/wp\/v2\/categories?post=36523"},{"taxonomy":"post_tag","embeddable":true,"href":"https:\/\/armstrongyregion.com.ar\/diario\/wp-json\/wp\/v2\/tags?post=36523"}],"curies":[{"name":"wp","href":"https:\/\/api.w.org\/{rel}","templated":true}]}}