{"id":36506,"date":"2022-11-16T11:04:15","date_gmt":"2022-11-16T11:04:15","guid":{"rendered":"https:\/\/armstrongyregion.com.ar\/diario\/?p=36506"},"modified":"2022-11-16T11:13:45","modified_gmt":"2022-11-16T11:13:45","slug":"reconocimiento-municipal-a-karatecas-rosenses-que-participaron-del-mundial-en-italia","status":"publish","type":"post","link":"https:\/\/armstrongyregion.com.ar\/diario\/reconocimiento-municipal-a-karatecas-rosenses-que-participaron-del-mundial-en-italia\/","title":{"rendered":"Reconocimiento municipal a karatecas rosenses que participaron del Mundial en Italia."},"content":{"rendered":"\n<figure class=\"wp-block-image size-full\"><a href=\"http:\/\/armstrongyregion.com.ar\/diario\/wp-content\/uploads\/2022\/11\/Meyer-.jpg\"><img loading=\"lazy\" decoding=\"async\" width=\"505\" height=\"346\" src=\"http:\/\/armstrongyregion.com.ar\/diario\/wp-content\/uploads\/2022\/11\/Meyer-.jpg\" alt=\"\" class=\"wp-image-36507\" srcset=\"https:\/\/armstrongyregion.com.ar\/diario\/wp-content\/uploads\/2022\/11\/Meyer-.jpg 505w, https:\/\/armstrongyregion.com.ar\/diario\/wp-content\/uploads\/2022\/11\/Meyer--300x206.jpg 300w\" sizes=\"auto, (max-width: 505px) 100vw, 505px\" \/><\/a><\/figure>\n\n\n\n<p>El Intendente Javier Meyer entreg\u00f3 presentes a los deportistas rosenses Ana Altamiranda, Juli\u00e1n Cesar y Leonel Bellabarba por su destacada participaci\u00f3n en el Mundial de Karate organizado por International Karate Uni\u00f3n (IKU), en Italia.<\/p>\n\n\n\n<p>Juli\u00e1n C\u00e9sar, profesor de la Escuela de Karate Do Las Rosas Shitokai Ishimi, de Club A. Almafuerte, expres\u00f3 su agradecimiento al Intendente y a la Municipalidad&nbsp;<em>\u00abpor el reconocimiento y los presentes\u00bb<\/em>&nbsp;recibidos.<\/p>\n\n\n\n<p>Las Rosas Digital.<\/p>\n","protected":false},"excerpt":{"rendered":"<p>El Intendente Javier Meyer entreg\u00f3 presentes a los deportistas rosenses Ana Altamiranda, Juli\u00e1n Cesar y Leonel Bellabarba por su destacada participaci\u00f3n en el Mundial de Karate organizado por International Karate Uni\u00f3n (IKU), en Italia. Juli\u00e1n C\u00e9sar, profesor de la Escuela de Karate Do Las Rosas Shitokai Ishimi, de Club A. Almafuerte, expres\u00f3 su agradecimiento al <a href=\"https:\/\/armstrongyregion.com.ar\/diario\/reconocimiento-municipal-a-karatecas-rosenses-que-participaron-del-mundial-en-italia\/\" title=\"Read more\" >&#8230;<\/a><\/p>\n","protected":false},"author":1,"featured_media":36507,"comment_status":"open","ping_status":"open","sticky":false,"template":"","format":"image","meta":{"_jetpack_memberships_contains_paid_content":false,"footnotes":"","jetpack_publicize_message":"","jetpack_publicize_feature_enabled":true,"jetpack_social_post_already_shared":true,"jetpack_social_options":{"image_generator_settings":{"template":"highway","default_image_id":0,"enabled":false},"version":2}},"categories":[8,1,7,3],"tags":[8623,23,1934,1296,361],"class_list":["post-36506","post","type-post","status-publish","format-image","has-post-thumbnail","hentry","category-deliberando","category-diario-armstrong","category-politica","category-region","tag-karatecas","tag-las","tag-meyer","tag-reconocimiento","tag-rosas","post_format-post-format-image"],"jetpack_publicize_connections":[],"jetpack_featured_media_url":"https:\/\/armstrongyregion.com.ar\/diario\/wp-content\/uploads\/2022\/11\/Meyer-.jpg","jetpack_shortlink":"https:\/\/wp.me\/p62QDO-9uO","jetpack_sharing_enabled":true,"amp_enabled":true,"_links":{"self":[{"href":"https:\/\/armstrongyregion.com.ar\/diario\/wp-json\/wp\/v2\/posts\/36506","targetHints":{"allow":["GET"]}}],"collection":[{"href":"https:\/\/armstrongyregion.com.ar\/diario\/wp-json\/wp\/v2\/posts"}],"about":[{"href":"https:\/\/armstrongyregion.com.ar\/diario\/wp-json\/wp\/v2\/types\/post"}],"author":[{"embeddable":true,"href":"https:\/\/armstrongyregion.com.ar\/diario\/wp-json\/wp\/v2\/users\/1"}],"replies":[{"embeddable":true,"href":"https:\/\/armstrongyregion.com.ar\/diario\/wp-json\/wp\/v2\/comments?post=36506"}],"version-history":[{"count":2,"href":"https:\/\/armstrongyregion.com.ar\/diario\/wp-json\/wp\/v2\/posts\/36506\/revisions"}],"predecessor-version":[{"id":36509,"href":"https:\/\/armstrongyregion.com.ar\/diario\/wp-json\/wp\/v2\/posts\/36506\/revisions\/36509"}],"wp:featuredmedia":[{"embeddable":true,"href":"https:\/\/armstrongyregion.com.ar\/diario\/wp-json\/wp\/v2\/media\/36507"}],"wp:attachment":[{"href":"https:\/\/armstrongyregion.com.ar\/diario\/wp-json\/wp\/v2\/media?parent=36506"}],"wp:term":[{"taxonomy":"category","embeddable":true,"href":"https:\/\/armstrongyregion.com.ar\/diario\/wp-json\/wp\/v2\/categories?post=36506"},{"taxonomy":"post_tag","embeddable":true,"href":"https:\/\/armstrongyregion.com.ar\/diario\/wp-json\/wp\/v2\/tags?post=36506"}],"curies":[{"name":"wp","href":"https:\/\/api.w.org\/{rel}","templated":true}]}}