{"id":36503,"date":"2022-11-16T10:53:04","date_gmt":"2022-11-16T10:53:04","guid":{"rendered":"https:\/\/armstrongyregion.com.ar\/diario\/?p=36503"},"modified":"2022-11-16T11:12:54","modified_gmt":"2022-11-16T11:12:54","slug":"continua-la-vacunacion-antirrabica-hoy-plaza-flotron","status":"publish","type":"post","link":"https:\/\/armstrongyregion.com.ar\/diario\/continua-la-vacunacion-antirrabica-hoy-plaza-flotron\/","title":{"rendered":"Contin\u00faa la vacunaci\u00f3n antirr\u00e1bica. Hoy Plaza Flotron."},"content":{"rendered":"\n<figure class=\"wp-block-image size-full\"><a href=\"http:\/\/armstrongyregion.com.ar\/diario\/wp-content\/uploads\/2022\/11\/Vacunacion-Antirrabica-.jpg\"><img loading=\"lazy\" decoding=\"async\" width=\"512\" height=\"512\" src=\"http:\/\/armstrongyregion.com.ar\/diario\/wp-content\/uploads\/2022\/11\/Vacunacion-Antirrabica-.jpg\" alt=\"\" class=\"wp-image-36504\" srcset=\"https:\/\/armstrongyregion.com.ar\/diario\/wp-content\/uploads\/2022\/11\/Vacunacion-Antirrabica-.jpg 512w, https:\/\/armstrongyregion.com.ar\/diario\/wp-content\/uploads\/2022\/11\/Vacunacion-Antirrabica--300x300.jpg 300w, https:\/\/armstrongyregion.com.ar\/diario\/wp-content\/uploads\/2022\/11\/Vacunacion-Antirrabica--150x150.jpg 150w\" sizes=\"auto, (max-width: 512px) 100vw, 512px\" \/><\/a><\/figure>\n\n\n\n<p>La Municipalidad de Armstrong contin\u00faa con la vacunaci\u00f3n antirr\u00e1bica, hoy, 16\/11\/2022, \u00faltimo espacio p\u00fablico, en Plaza Flotron de 17 a 20 hs.<\/p>\n","protected":false},"excerpt":{"rendered":"<p>La Municipalidad de Armstrong contin\u00faa con la vacunaci\u00f3n antirr\u00e1bica, hoy, 16\/11\/2022, \u00faltimo espacio p\u00fablico, en Plaza Flotron de 17 a 20 hs.<\/p>\n","protected":false},"author":1,"featured_media":36504,"comment_status":"open","ping_status":"open","sticky":false,"template":"","format":"image","meta":{"_jetpack_memberships_contains_paid_content":false,"footnotes":"","jetpack_publicize_message":"","jetpack_publicize_feature_enabled":true,"jetpack_social_post_already_shared":true,"jetpack_social_options":{"image_generator_settings":{"template":"highway","default_image_id":0,"enabled":false},"version":2}},"categories":[8,1,2,7,4,3],"tags":[8622,20,8621],"class_list":["post-36503","post","type-post","status-publish","format-image","has-post-thumbnail","hentry","category-deliberando","category-diario-armstrong","category-locales","category-politica","category-prevencion-salud","category-region","tag-antirrabica","tag-armstrong","tag-vacunacion","post_format-post-format-image"],"jetpack_publicize_connections":[],"jetpack_featured_media_url":"https:\/\/armstrongyregion.com.ar\/diario\/wp-content\/uploads\/2022\/11\/Vacunacion-Antirrabica-.jpg","jetpack_shortlink":"https:\/\/wp.me\/p62QDO-9uL","jetpack_sharing_enabled":true,"amp_enabled":true,"_links":{"self":[{"href":"https:\/\/armstrongyregion.com.ar\/diario\/wp-json\/wp\/v2\/posts\/36503","targetHints":{"allow":["GET"]}}],"collection":[{"href":"https:\/\/armstrongyregion.com.ar\/diario\/wp-json\/wp\/v2\/posts"}],"about":[{"href":"https:\/\/armstrongyregion.com.ar\/diario\/wp-json\/wp\/v2\/types\/post"}],"author":[{"embeddable":true,"href":"https:\/\/armstrongyregion.com.ar\/diario\/wp-json\/wp\/v2\/users\/1"}],"replies":[{"embeddable":true,"href":"https:\/\/armstrongyregion.com.ar\/diario\/wp-json\/wp\/v2\/comments?post=36503"}],"version-history":[{"count":1,"href":"https:\/\/armstrongyregion.com.ar\/diario\/wp-json\/wp\/v2\/posts\/36503\/revisions"}],"predecessor-version":[{"id":36505,"href":"https:\/\/armstrongyregion.com.ar\/diario\/wp-json\/wp\/v2\/posts\/36503\/revisions\/36505"}],"wp:featuredmedia":[{"embeddable":true,"href":"https:\/\/armstrongyregion.com.ar\/diario\/wp-json\/wp\/v2\/media\/36504"}],"wp:attachment":[{"href":"https:\/\/armstrongyregion.com.ar\/diario\/wp-json\/wp\/v2\/media?parent=36503"}],"wp:term":[{"taxonomy":"category","embeddable":true,"href":"https:\/\/armstrongyregion.com.ar\/diario\/wp-json\/wp\/v2\/categories?post=36503"},{"taxonomy":"post_tag","embeddable":true,"href":"https:\/\/armstrongyregion.com.ar\/diario\/wp-json\/wp\/v2\/tags?post=36503"}],"curies":[{"name":"wp","href":"https:\/\/api.w.org\/{rel}","templated":true}]}}