{"id":36477,"date":"2022-11-14T22:19:56","date_gmt":"2022-11-14T22:19:56","guid":{"rendered":"https:\/\/armstrongyregion.com.ar\/diario\/?p=36477"},"modified":"2022-11-14T22:20:00","modified_gmt":"2022-11-14T22:20:00","slug":"la-provincia-realiza-controles-en-el-dia-mundial-de-la-diabetes","status":"publish","type":"post","link":"https:\/\/armstrongyregion.com.ar\/diario\/la-provincia-realiza-controles-en-el-dia-mundial-de-la-diabetes\/","title":{"rendered":"La provincia realiza controles en el D\u00eda Mundial de la Diabetes"},"content":{"rendered":"\n<figure class=\"wp-block-table\"><table><tbody><tr><td>Son gratuitos y se producen en simult\u00e1neo en toda el territorio santafesino. Entre los mismos se encuentran el test r\u00e1pido, educaci\u00f3n y asesoramiento a las familias.<\/td><\/tr><\/tbody><\/table><\/figure>\n\n\n\n<figure class=\"wp-block-image size-full\"><a href=\"http:\/\/armstrongyregion.com.ar\/diario\/wp-content\/uploads\/2022\/11\/Dia-mundial-diabetes-.jpg\"><img loading=\"lazy\" decoding=\"async\" width=\"570\" height=\"320\" src=\"http:\/\/armstrongyregion.com.ar\/diario\/wp-content\/uploads\/2022\/11\/Dia-mundial-diabetes-.jpg\" alt=\"\" class=\"wp-image-36478\" srcset=\"https:\/\/armstrongyregion.com.ar\/diario\/wp-content\/uploads\/2022\/11\/Dia-mundial-diabetes-.jpg 570w, https:\/\/armstrongyregion.com.ar\/diario\/wp-content\/uploads\/2022\/11\/Dia-mundial-diabetes--300x168.jpg 300w\" sizes=\"auto, (max-width: 570px) 100vw, 570px\" \/><\/a><\/figure>\n\n\n\n<p>En el marco del D\u00eda Mundial de la Diabetes, la ministra de Salud, Sonia Martorano particip\u00f3 del operativo que la provincia lleva adelante en la Plaza San Mart\u00edn de la ciudad de Rosario con un cami\u00f3n sanitario y carpas de apoyo \u201cpara avanzar en la detecci\u00f3n, diagn\u00f3stico y educaci\u00f3n en diabetes\u201d, seg\u00fan detall\u00f3 la funcionaria.<\/p>\n\n\n\n<p>\u201cEl operativo consiste en la realizaci\u00f3n de un test -algo muy sencillo, porque es un test r\u00e1pido con un pinchazo-, control de pies, educaci\u00f3n, control de visi\u00f3n y acompa\u00f1amiento a familiares\u201d, agreg\u00f3 Martorano quien a su vez reconoci\u00f3 que \u201cen tiempos pand\u00e9micos hubo menos controles. Se realiz\u00f3 una gran barrida, a trav\u00e9s de la telemedicina, contactamos a las personas que tenemos adscritas para que se acerquen o realicen la consulta por telemedicina\u201d.<\/p>\n\n\n\n<p>\u201cEstos operativos nos arrojan los datos que debemos detectar precozmente, es decir, no esperar a que tengamos una enfermedad declarada, un coma diab\u00e9tico. Adem\u00e1s tenemos que realizar mucho trabajo en educaci\u00f3n porque m\u00e1s all\u00e1 de cambios gen\u00e9ticos e importantes, est\u00e1 muy relacionada con los h\u00e1bitos, alimentaci\u00f3n, ejercicio, pr\u00e1cticas de prevenci\u00f3n\u201d, reflexion\u00f3 la funcionaria.<\/p>\n\n\n\n<p>En tanto que desde el operativo en la ciudad de Santa Fe, el secretario de Salud, Jorge Prieto, sostuvo que es un d\u00eda para \u201creivindicar y concientizar sobre la importancia que tiene una enfermedad cr\u00f3nica no transmisible, que ha tenido un alto impacto. En el momento donde uno lanza una campa\u00f1a establece la importancia que tienen los cuidados, la prevenci\u00f3n, el diagn\u00f3stico y, sobre todo, el tratamiento\u201d.<\/p>\n\n\n\n<p><strong>ACTIVIDADES PROGRAMADAS<\/strong><\/p>\n\n\n\n<p>&gt;&gt; \u00abTaller de alimentaci\u00f3n saludable y actividad f\u00edsica\u00bb: abierto a la comunidad. Lunes 14 de noviembre en el Caps N\u00b018 &#8211; San Fernando de Granadero Baigorria.<\/p>\n\n\n\n<p>&gt;&gt; \u00abJornada de prevenci\u00f3n y educaci\u00f3n diabetol\u00f3gica\u00bb: lunes 14 de noviembre en la explanada de Cemafe y en plaza San Mart\u00edn, Rosario.<\/p>\n\n\n\n<p>&gt;&gt; \u00abTaller de alimentaci\u00f3n saludable y actividad f\u00edsica\u00bb: mi\u00e9rcoles 16 de noviembre en el Caps N \u00b08 Independencia, Caps N\u00b0 9 San Francisquito, Caps N\u00b0 29 Ar\u00e1oz de la Madrid \u2013 Rosario y Caps Emaus \u2013 ciudad de Santa Fe.<\/p>\n\n\n\n<p>&gt;&gt; \u00abTaller de alimentaci\u00f3n saludable y actividad f\u00edsica\u00bb: abierto a la comunidad, viernes 18 de noviembre Caps Ren\u00e9 Favaloro \u2013 ciudad de Santa Fe.<\/p>\n\n\n\n<p>&gt;&gt; \u00abTaller de huerta y alimentaci\u00f3n saludable\u00bb: viernes 18 de noviembre en el Caps N\u00b0 6 Eva Per\u00f3n de Rosario.<\/p>\n","protected":false},"excerpt":{"rendered":"<p>Son gratuitos y se producen en simult\u00e1neo en toda el territorio santafesino. Entre los mismos se encuentran el test r\u00e1pido, educaci\u00f3n y asesoramiento a las familias. En el marco del D\u00eda Mundial de la Diabetes, la ministra de Salud, Sonia Martorano particip\u00f3 del operativo que la provincia lleva adelante en la Plaza San Mart\u00edn de <a href=\"https:\/\/armstrongyregion.com.ar\/diario\/la-provincia-realiza-controles-en-el-dia-mundial-de-la-diabetes\/\" title=\"Read more\" >&#8230;<\/a><\/p>\n","protected":false},"author":1,"featured_media":36478,"comment_status":"open","ping_status":"open","sticky":false,"template":"","format":"image","meta":{"_jetpack_memberships_contains_paid_content":false,"footnotes":"","jetpack_publicize_message":"","jetpack_publicize_feature_enabled":true,"jetpack_social_post_already_shared":true,"jetpack_social_options":{"image_generator_settings":{"template":"highway","default_image_id":0,"enabled":false},"version":2}},"categories":[6,8,1,2,7,4,3],"tags":[569,793,2295,1890],"class_list":["post-36477","post","type-post","status-publish","format-image","has-post-thumbnail","hentry","category-cultura-entretenimiento","category-deliberando","category-diario-armstrong","category-locales","category-politica","category-prevencion-salud","category-region","tag-controles","tag-dia","tag-diabetes","tag-mundial","post_format-post-format-image"],"jetpack_publicize_connections":[],"jetpack_featured_media_url":"https:\/\/armstrongyregion.com.ar\/diario\/wp-content\/uploads\/2022\/11\/Dia-mundial-diabetes-.jpg","jetpack_shortlink":"https:\/\/wp.me\/p62QDO-9ul","jetpack_sharing_enabled":true,"amp_enabled":true,"_links":{"self":[{"href":"https:\/\/armstrongyregion.com.ar\/diario\/wp-json\/wp\/v2\/posts\/36477","targetHints":{"allow":["GET"]}}],"collection":[{"href":"https:\/\/armstrongyregion.com.ar\/diario\/wp-json\/wp\/v2\/posts"}],"about":[{"href":"https:\/\/armstrongyregion.com.ar\/diario\/wp-json\/wp\/v2\/types\/post"}],"author":[{"embeddable":true,"href":"https:\/\/armstrongyregion.com.ar\/diario\/wp-json\/wp\/v2\/users\/1"}],"replies":[{"embeddable":true,"href":"https:\/\/armstrongyregion.com.ar\/diario\/wp-json\/wp\/v2\/comments?post=36477"}],"version-history":[{"count":2,"href":"https:\/\/armstrongyregion.com.ar\/diario\/wp-json\/wp\/v2\/posts\/36477\/revisions"}],"predecessor-version":[{"id":36480,"href":"https:\/\/armstrongyregion.com.ar\/diario\/wp-json\/wp\/v2\/posts\/36477\/revisions\/36480"}],"wp:featuredmedia":[{"embeddable":true,"href":"https:\/\/armstrongyregion.com.ar\/diario\/wp-json\/wp\/v2\/media\/36478"}],"wp:attachment":[{"href":"https:\/\/armstrongyregion.com.ar\/diario\/wp-json\/wp\/v2\/media?parent=36477"}],"wp:term":[{"taxonomy":"category","embeddable":true,"href":"https:\/\/armstrongyregion.com.ar\/diario\/wp-json\/wp\/v2\/categories?post=36477"},{"taxonomy":"post_tag","embeddable":true,"href":"https:\/\/armstrongyregion.com.ar\/diario\/wp-json\/wp\/v2\/tags?post=36477"}],"curies":[{"name":"wp","href":"https:\/\/api.w.org\/{rel}","templated":true}]}}