{"id":36452,"date":"2022-11-13T00:30:24","date_gmt":"2022-11-13T00:30:24","guid":{"rendered":"https:\/\/armstrongyregion.com.ar\/diario\/?p=36452"},"modified":"2022-11-13T01:15:46","modified_gmt":"2022-11-13T01:15:46","slug":"armstrong-sesion-del-concejo-joven-integrado-por-alumnos-de-las-escuelas-de-nuestra-ciudad","status":"publish","type":"post","link":"https:\/\/armstrongyregion.com.ar\/diario\/armstrong-sesion-del-concejo-joven-integrado-por-alumnos-de-las-escuelas-de-nuestra-ciudad\/","title":{"rendered":"Armstrong. Sesi\u00f3n del Concejo Joven integrado por alumnos de las escuelas de nuestra ciudad."},"content":{"rendered":"\n<figure class=\"wp-block-image size-full\"><a href=\"http:\/\/armstrongyregion.com.ar\/diario\/wp-content\/uploads\/2022\/11\/concejo-joven-I-.jpg\"><img loading=\"lazy\" decoding=\"async\" width=\"400\" height=\"300\" src=\"http:\/\/armstrongyregion.com.ar\/diario\/wp-content\/uploads\/2022\/11\/concejo-joven-I-.jpg\" alt=\"\" class=\"wp-image-36453\" srcset=\"https:\/\/armstrongyregion.com.ar\/diario\/wp-content\/uploads\/2022\/11\/concejo-joven-I-.jpg 400w, https:\/\/armstrongyregion.com.ar\/diario\/wp-content\/uploads\/2022\/11\/concejo-joven-I--300x225.jpg 300w\" sizes=\"auto, (max-width: 400px) 100vw, 400px\" \/><\/a><\/figure>\n\n\n\n<p>El pasado jueves 10 de noviembre, se realiz\u00f3 la sesi\u00f3n del Concejo Joven, integrado por alumnos del nivel medio de las escuelas de nuestra ciudad. Los j\u00f3venes son: Juan Ben\u00edtez y Augusto Venier (Escuela N\u00ba 33) Santiago Raimondi y Mariana Terzoni (Escuela N\u00ba 51) Marcos Jossen y Gino Mattina (Escuela N\u00ba 291).<\/p>\n\n\n\n<p>El Pte. del Concejo Prof. Alejandro Pertusati, en dialogo con www.armstrongyregion.com.ar dijo: \u00abEstamos muy contentos, despu\u00e9s de dos a\u00f1os nuevamente retomamos con las sesiones del concejo joven\u00bb.<\/p>\n\n\n\n<p>                                                                                <\/p>\n\n\n\n<figure class=\"wp-block-image size-full\"><a href=\"http:\/\/armstrongyregion.com.ar\/diario\/wp-content\/uploads\/2022\/11\/Concejo-joven-II.jpg\"><img loading=\"lazy\" decoding=\"async\" width=\"400\" height=\"300\" src=\"http:\/\/armstrongyregion.com.ar\/diario\/wp-content\/uploads\/2022\/11\/Concejo-joven-II.jpg\" alt=\"\" class=\"wp-image-36456\" srcset=\"https:\/\/armstrongyregion.com.ar\/diario\/wp-content\/uploads\/2022\/11\/Concejo-joven-II.jpg 400w, https:\/\/armstrongyregion.com.ar\/diario\/wp-content\/uploads\/2022\/11\/Concejo-joven-II-300x225.jpg 300w\" sizes=\"auto, (max-width: 400px) 100vw, 400px\" \/><\/a><\/figure>\n\n\n\n<p>\u00abEn esta oportunidad, a diferencia de las anteriores, hubo temas muy variados tratados por los estudiantes de nuestra ciudad. Los mismos estuvieron relacionados con tr\u00e1nsito, por ejemplo en un proyecto de ordenanza solicitaron licencias de conducir para menores de entre 16 y 18 a\u00f1os, otra estuvo destinada al transporte p\u00fablico\u00bb. Expres\u00f3 el Pte del Concejo.<\/p>\n\n\n\n<p>El edil a\u00f1adi\u00f3: \u00abTambi\u00e9n se presentaron pedidos para destacar a un artista de la localidad que ha recorrido el mundo con sus obras Francisco Bosoletti y a un reconocido m\u00e9dico de la ciudad Fernando Bacci\u00bb. <\/p>\n\n\n\n<p>\u00abOtra de las instituciones escolares sugiri\u00f3 que el concejo joven podr\u00eda ser itinerante que vaya de escuela en escuela. Son todos proyectos para analizar, la verdad que hubo lindas intervenciones y un excelente debate en un par de temas\u00bb. inform\u00f3 el edil.<\/p>\n\n\n\n<p>Los temas presentados por los estudiantes ser\u00e1n tratados por el cuerpo deliberativo en las pr\u00f3ximas sesiones de comisi\u00f3n.  <\/p>\n\n\n\n<p><\/p>\n","protected":false},"excerpt":{"rendered":"<p>El pasado jueves 10 de noviembre, se realiz\u00f3 la sesi\u00f3n del Concejo Joven, integrado por alumnos del nivel medio de las escuelas de nuestra ciudad. Los j\u00f3venes son: Juan Ben\u00edtez y Augusto Venier (Escuela N\u00ba 33) Santiago Raimondi y Mariana Terzoni (Escuela N\u00ba 51) Marcos Jossen y Gino Mattina (Escuela N\u00ba 291). El Pte. del <a href=\"https:\/\/armstrongyregion.com.ar\/diario\/armstrong-sesion-del-concejo-joven-integrado-por-alumnos-de-las-escuelas-de-nuestra-ciudad\/\" title=\"Read more\" >&#8230;<\/a><\/p>\n","protected":false},"author":1,"featured_media":36453,"comment_status":"open","ping_status":"open","sticky":false,"template":"","format":"image","meta":{"_jetpack_memberships_contains_paid_content":false,"footnotes":"","jetpack_publicize_message":"","jetpack_publicize_feature_enabled":true,"jetpack_social_post_already_shared":true,"jetpack_social_options":{"image_generator_settings":{"template":"highway","default_image_id":0,"enabled":false},"version":2}},"categories":[8,1,2,7,3],"tags":[20,868,688,2534],"class_list":["post-36452","post","type-post","status-publish","format-image","has-post-thumbnail","hentry","category-deliberando","category-diario-armstrong","category-locales","category-politica","category-region","tag-armstrong","tag-concejo","tag-joven","tag-sesion","post_format-post-format-image"],"jetpack_publicize_connections":[],"jetpack_featured_media_url":"https:\/\/armstrongyregion.com.ar\/diario\/wp-content\/uploads\/2022\/11\/concejo-joven-I-.jpg","jetpack_shortlink":"https:\/\/wp.me\/p62QDO-9tW","jetpack_sharing_enabled":true,"amp_enabled":true,"_links":{"self":[{"href":"https:\/\/armstrongyregion.com.ar\/diario\/wp-json\/wp\/v2\/posts\/36452","targetHints":{"allow":["GET"]}}],"collection":[{"href":"https:\/\/armstrongyregion.com.ar\/diario\/wp-json\/wp\/v2\/posts"}],"about":[{"href":"https:\/\/armstrongyregion.com.ar\/diario\/wp-json\/wp\/v2\/types\/post"}],"author":[{"embeddable":true,"href":"https:\/\/armstrongyregion.com.ar\/diario\/wp-json\/wp\/v2\/users\/1"}],"replies":[{"embeddable":true,"href":"https:\/\/armstrongyregion.com.ar\/diario\/wp-json\/wp\/v2\/comments?post=36452"}],"version-history":[{"count":3,"href":"https:\/\/armstrongyregion.com.ar\/diario\/wp-json\/wp\/v2\/posts\/36452\/revisions"}],"predecessor-version":[{"id":36463,"href":"https:\/\/armstrongyregion.com.ar\/diario\/wp-json\/wp\/v2\/posts\/36452\/revisions\/36463"}],"wp:featuredmedia":[{"embeddable":true,"href":"https:\/\/armstrongyregion.com.ar\/diario\/wp-json\/wp\/v2\/media\/36453"}],"wp:attachment":[{"href":"https:\/\/armstrongyregion.com.ar\/diario\/wp-json\/wp\/v2\/media?parent=36452"}],"wp:term":[{"taxonomy":"category","embeddable":true,"href":"https:\/\/armstrongyregion.com.ar\/diario\/wp-json\/wp\/v2\/categories?post=36452"},{"taxonomy":"post_tag","embeddable":true,"href":"https:\/\/armstrongyregion.com.ar\/diario\/wp-json\/wp\/v2\/tags?post=36452"}],"curies":[{"name":"wp","href":"https:\/\/api.w.org\/{rel}","templated":true}]}}