{"id":36444,"date":"2022-11-12T18:52:21","date_gmt":"2022-11-12T18:52:21","guid":{"rendered":"https:\/\/armstrongyregion.com.ar\/diario\/?p=36444"},"modified":"2022-11-13T00:35:12","modified_gmt":"2022-11-13T00:35:12","slug":"facundo-amil-sigue-firme-con-la-idea-de-armar-una-vecinal","status":"publish","type":"post","link":"https:\/\/armstrongyregion.com.ar\/diario\/facundo-amil-sigue-firme-con-la-idea-de-armar-una-vecinal\/","title":{"rendered":"Facundo Amil sigue firme con la idea de armar una vecinal."},"content":{"rendered":"\n<figure class=\"wp-block-image size-full\"><a href=\"http:\/\/armstrongyregion.com.ar\/diario\/wp-content\/uploads\/2022\/11\/Facu-Amil-12-11-22-.jpg\"><img loading=\"lazy\" decoding=\"async\" width=\"640\" height=\"360\" src=\"http:\/\/armstrongyregion.com.ar\/diario\/wp-content\/uploads\/2022\/11\/Facu-Amil-12-11-22-.jpg\" alt=\"\" class=\"wp-image-36445\" srcset=\"https:\/\/armstrongyregion.com.ar\/diario\/wp-content\/uploads\/2022\/11\/Facu-Amil-12-11-22-.jpg 640w, https:\/\/armstrongyregion.com.ar\/diario\/wp-content\/uploads\/2022\/11\/Facu-Amil-12-11-22--300x169.jpg 300w\" sizes=\"auto, (max-width: 640px) 100vw, 640px\" \/><\/a><\/figure>\n\n\n\n<p>El nombre \u201cFacundo Amil\u201d suena cada vez m\u00e1s fuerte en el terreno de la pol\u00edtica local, despu\u00e9s de sus declaraciones p\u00fablicas con respecto a su punto de vista del \u00e1mbito pol\u00edtico-econ\u00f3mico y social.<\/p>\n\n\n\n<p>Su mirada es muy cr\u00edtica con las formas en la que se viene desempe\u00f1ando el sector dirigencial, al consultarlo, el referente nos adelant\u00f3 que ya se encuentra en tr\u00e1mite el reconocimiento de un nuevo partido distrital, el cu\u00e1l va a ser un espacio de gente que hasta el momento no hab\u00eda tenido lugar de participaci\u00f3n en la pol\u00edtica local.<\/p>\n","protected":false},"excerpt":{"rendered":"<p>El nombre \u201cFacundo Amil\u201d suena cada vez m\u00e1s fuerte en el terreno de la pol\u00edtica local, despu\u00e9s de sus declaraciones p\u00fablicas con respecto a su punto de vista del \u00e1mbito pol\u00edtico-econ\u00f3mico y social. Su mirada es muy cr\u00edtica con las formas en la que se viene desempe\u00f1ando el sector dirigencial, al consultarlo, el referente nos <a href=\"https:\/\/armstrongyregion.com.ar\/diario\/facundo-amil-sigue-firme-con-la-idea-de-armar-una-vecinal\/\" title=\"Read more\" >&#8230;<\/a><\/p>\n","protected":false},"author":1,"featured_media":36445,"comment_status":"open","ping_status":"open","sticky":false,"template":"","format":"image","meta":{"_jetpack_memberships_contains_paid_content":false,"footnotes":"","jetpack_publicize_message":"","jetpack_publicize_feature_enabled":true,"jetpack_social_post_already_shared":true,"jetpack_social_options":{"image_generator_settings":{"template":"highway","default_image_id":0,"enabled":false},"version":2}},"categories":[6,8,1,2,7],"tags":[8601,1167,8602,8604],"class_list":["post-36444","post","type-post","status-publish","format-image","has-post-thumbnail","hentry","category-cultura-entretenimiento","category-deliberando","category-diario-armstrong","category-locales","category-politica","tag-amil","tag-facundo","tag-firme","tag-vecinal-2","post_format-post-format-image"],"jetpack_publicize_connections":[],"jetpack_featured_media_url":"https:\/\/armstrongyregion.com.ar\/diario\/wp-content\/uploads\/2022\/11\/Facu-Amil-12-11-22-.jpg","jetpack_shortlink":"https:\/\/wp.me\/p62QDO-9tO","jetpack_sharing_enabled":true,"amp_enabled":true,"_links":{"self":[{"href":"https:\/\/armstrongyregion.com.ar\/diario\/wp-json\/wp\/v2\/posts\/36444","targetHints":{"allow":["GET"]}}],"collection":[{"href":"https:\/\/armstrongyregion.com.ar\/diario\/wp-json\/wp\/v2\/posts"}],"about":[{"href":"https:\/\/armstrongyregion.com.ar\/diario\/wp-json\/wp\/v2\/types\/post"}],"author":[{"embeddable":true,"href":"https:\/\/armstrongyregion.com.ar\/diario\/wp-json\/wp\/v2\/users\/1"}],"replies":[{"embeddable":true,"href":"https:\/\/armstrongyregion.com.ar\/diario\/wp-json\/wp\/v2\/comments?post=36444"}],"version-history":[{"count":2,"href":"https:\/\/armstrongyregion.com.ar\/diario\/wp-json\/wp\/v2\/posts\/36444\/revisions"}],"predecessor-version":[{"id":36458,"href":"https:\/\/armstrongyregion.com.ar\/diario\/wp-json\/wp\/v2\/posts\/36444\/revisions\/36458"}],"wp:featuredmedia":[{"embeddable":true,"href":"https:\/\/armstrongyregion.com.ar\/diario\/wp-json\/wp\/v2\/media\/36445"}],"wp:attachment":[{"href":"https:\/\/armstrongyregion.com.ar\/diario\/wp-json\/wp\/v2\/media?parent=36444"}],"wp:term":[{"taxonomy":"category","embeddable":true,"href":"https:\/\/armstrongyregion.com.ar\/diario\/wp-json\/wp\/v2\/categories?post=36444"},{"taxonomy":"post_tag","embeddable":true,"href":"https:\/\/armstrongyregion.com.ar\/diario\/wp-json\/wp\/v2\/tags?post=36444"}],"curies":[{"name":"wp","href":"https:\/\/api.w.org\/{rel}","templated":true}]}}