{"id":36437,"date":"2022-11-12T18:25:32","date_gmt":"2022-11-12T18:25:32","guid":{"rendered":"https:\/\/armstrongyregion.com.ar\/diario\/?p=36437"},"modified":"2022-11-12T18:30:18","modified_gmt":"2022-11-12T18:30:18","slug":"perez-estamos-muy-apenados-por-los-hechos-de-vandalismo-en-la-plaza-claudio-giaretti","status":"publish","type":"post","link":"https:\/\/armstrongyregion.com.ar\/diario\/perez-estamos-muy-apenados-por-los-hechos-de-vandalismo-en-la-plaza-claudio-giaretti\/","title":{"rendered":"P\u00e9rez: \u00abEstamos muy apenados por los hechos de vandalismo en la Plaza Claudio Giaretti\u00bb."},"content":{"rendered":"\n<figure class=\"wp-block-image size-full\"><a href=\"http:\/\/armstrongyregion.com.ar\/diario\/wp-content\/uploads\/2022\/11\/plaza-giaretti-1-.jpg\"><img loading=\"lazy\" decoding=\"async\" width=\"540\" height=\"304\" src=\"http:\/\/armstrongyregion.com.ar\/diario\/wp-content\/uploads\/2022\/11\/plaza-giaretti-1-.jpg\" alt=\"\" class=\"wp-image-36438\" srcset=\"https:\/\/armstrongyregion.com.ar\/diario\/wp-content\/uploads\/2022\/11\/plaza-giaretti-1-.jpg 540w, https:\/\/armstrongyregion.com.ar\/diario\/wp-content\/uploads\/2022\/11\/plaza-giaretti-1--300x169.jpg 300w\" sizes=\"auto, (max-width: 540px) 100vw, 540px\" \/><\/a><\/figure>\n\n\n\n<p>En la ma\u00f1ana de hoy, un espacio p\u00fablico y emblem\u00e1tico de la ciudad se encontr\u00f3 con hechos vand\u00e1licos.<\/p>\n\n\n\n<figure class=\"wp-block-image size-full\"><a href=\"http:\/\/armstrongyregion.com.ar\/diario\/wp-content\/uploads\/2022\/11\/plaza-giaretti-2-.jpg\"><img loading=\"lazy\" decoding=\"async\" width=\"450\" height=\"800\" src=\"http:\/\/armstrongyregion.com.ar\/diario\/wp-content\/uploads\/2022\/11\/plaza-giaretti-2-.jpg\" alt=\"\" class=\"wp-image-36442\" srcset=\"https:\/\/armstrongyregion.com.ar\/diario\/wp-content\/uploads\/2022\/11\/plaza-giaretti-2-.jpg 450w, https:\/\/armstrongyregion.com.ar\/diario\/wp-content\/uploads\/2022\/11\/plaza-giaretti-2--169x300.jpg 169w\" sizes=\"auto, (max-width: 450px) 100vw, 450px\" \/><\/a><\/figure>\n\n\n\n<p> <\/p>\n\n\n\n<p>\u00abEstamos muy apenados por los hechos de vandalismo en la Plaza Claudio Giaretti\u00bb. Expresaba la Secretaria de Gobierno de la Municipalidad de Armstrong, Daniela P\u00e9rez, en di\u00e1logo con nuestro medio.<\/p>\n\n\n\n<figure class=\"wp-block-image size-full\"><a href=\"http:\/\/armstrongyregion.com.ar\/diario\/wp-content\/uploads\/2022\/11\/Dani-Perez-12-11-22-.jpg\"><img loading=\"lazy\" decoding=\"async\" width=\"366\" height=\"282\" src=\"http:\/\/armstrongyregion.com.ar\/diario\/wp-content\/uploads\/2022\/11\/Dani-Perez-12-11-22-.jpg\" alt=\"\" class=\"wp-image-36440\" srcset=\"https:\/\/armstrongyregion.com.ar\/diario\/wp-content\/uploads\/2022\/11\/Dani-Perez-12-11-22-.jpg 366w, https:\/\/armstrongyregion.com.ar\/diario\/wp-content\/uploads\/2022\/11\/Dani-Perez-12-11-22--300x231.jpg 300w\" sizes=\"auto, (max-width: 366px) 100vw, 366px\" \/><\/a><\/figure>\n\n\n\n<p>Siguiendo la misma l\u00ednea de discurso, la funcionaria expres\u00f3: \u00abVamos a estar trabajando junto al sistema de monitoreo y con las c\u00e1maras que hay en el lugar y la zona, para poder dar con los autores y ver cuales son las penalidades que tendr\u00e1n alcance a los responsables de este triste y repetido episodio en la ciudad\u00bb.<\/p>\n","protected":false},"excerpt":{"rendered":"<p>En la ma\u00f1ana de hoy, un espacio p\u00fablico y emblem\u00e1tico de la ciudad se encontr\u00f3 con hechos vand\u00e1licos. \u00abEstamos muy apenados por los hechos de vandalismo en la Plaza Claudio Giaretti\u00bb. Expresaba la Secretaria de Gobierno de la Municipalidad de Armstrong, Daniela P\u00e9rez, en di\u00e1logo con nuestro medio. Siguiendo la misma l\u00ednea de discurso, la <a href=\"https:\/\/armstrongyregion.com.ar\/diario\/perez-estamos-muy-apenados-por-los-hechos-de-vandalismo-en-la-plaza-claudio-giaretti\/\" title=\"Read more\" >&#8230;<\/a><\/p>\n","protected":false},"author":1,"featured_media":36438,"comment_status":"open","ping_status":"open","sticky":false,"template":"","format":"image","meta":{"_jetpack_memberships_contains_paid_content":false,"footnotes":"","jetpack_publicize_message":"","jetpack_publicize_feature_enabled":true,"jetpack_social_post_already_shared":true,"jetpack_social_options":{"image_generator_settings":{"template":"highway","default_image_id":0,"enabled":false},"version":2}},"categories":[8,1,2,7,3],"tags":[20,8599,19,8600,4009,283,3869],"class_list":["post-36437","post","type-post","status-publish","format-image","has-post-thumbnail","hentry","category-deliberando","category-diario-armstrong","category-locales","category-politica","category-region","tag-armstrong","tag-claudio","tag-de","tag-giaretti","tag-hechos","tag-plaza","tag-vandalismo","post_format-post-format-image"],"jetpack_publicize_connections":[],"jetpack_featured_media_url":"https:\/\/armstrongyregion.com.ar\/diario\/wp-content\/uploads\/2022\/11\/plaza-giaretti-1-.jpg","jetpack_shortlink":"https:\/\/wp.me\/p62QDO-9tH","jetpack_sharing_enabled":true,"amp_enabled":true,"_links":{"self":[{"href":"https:\/\/armstrongyregion.com.ar\/diario\/wp-json\/wp\/v2\/posts\/36437","targetHints":{"allow":["GET"]}}],"collection":[{"href":"https:\/\/armstrongyregion.com.ar\/diario\/wp-json\/wp\/v2\/posts"}],"about":[{"href":"https:\/\/armstrongyregion.com.ar\/diario\/wp-json\/wp\/v2\/types\/post"}],"author":[{"embeddable":true,"href":"https:\/\/armstrongyregion.com.ar\/diario\/wp-json\/wp\/v2\/users\/1"}],"replies":[{"embeddable":true,"href":"https:\/\/armstrongyregion.com.ar\/diario\/wp-json\/wp\/v2\/comments?post=36437"}],"version-history":[{"count":2,"href":"https:\/\/armstrongyregion.com.ar\/diario\/wp-json\/wp\/v2\/posts\/36437\/revisions"}],"predecessor-version":[{"id":36443,"href":"https:\/\/armstrongyregion.com.ar\/diario\/wp-json\/wp\/v2\/posts\/36437\/revisions\/36443"}],"wp:featuredmedia":[{"embeddable":true,"href":"https:\/\/armstrongyregion.com.ar\/diario\/wp-json\/wp\/v2\/media\/36438"}],"wp:attachment":[{"href":"https:\/\/armstrongyregion.com.ar\/diario\/wp-json\/wp\/v2\/media?parent=36437"}],"wp:term":[{"taxonomy":"category","embeddable":true,"href":"https:\/\/armstrongyregion.com.ar\/diario\/wp-json\/wp\/v2\/categories?post=36437"},{"taxonomy":"post_tag","embeddable":true,"href":"https:\/\/armstrongyregion.com.ar\/diario\/wp-json\/wp\/v2\/tags?post=36437"}],"curies":[{"name":"wp","href":"https:\/\/api.w.org\/{rel}","templated":true}]}}