{"id":36422,"date":"2022-11-10T15:35:08","date_gmt":"2022-11-10T15:35:08","guid":{"rendered":"https:\/\/armstrongyregion.com.ar\/diario\/?p=36422"},"modified":"2022-11-10T15:35:09","modified_gmt":"2022-11-10T15:35:09","slug":"armstrong-orden-del-dia-concejo-joven","status":"publish","type":"post","link":"https:\/\/armstrongyregion.com.ar\/diario\/armstrong-orden-del-dia-concejo-joven\/","title":{"rendered":"Armstrong. Orden del D\u00eda Concejo Joven."},"content":{"rendered":"\n<figure class=\"wp-block-image size-full\"><a href=\"http:\/\/armstrongyregion.com.ar\/diario\/wp-content\/uploads\/2019\/09\/concejo-joven-.jpg\"><img loading=\"lazy\" decoding=\"async\" width=\"960\" height=\"720\" src=\"http:\/\/armstrongyregion.com.ar\/diario\/wp-content\/uploads\/2019\/09\/concejo-joven-.jpg\" alt=\"\" class=\"wp-image-23033\" srcset=\"https:\/\/armstrongyregion.com.ar\/diario\/wp-content\/uploads\/2019\/09\/concejo-joven-.jpg 960w, https:\/\/armstrongyregion.com.ar\/diario\/wp-content\/uploads\/2019\/09\/concejo-joven--300x225.jpg 300w\" sizes=\"auto, (max-width: 960px) 100vw, 960px\" \/><\/a><figcaption class=\"wp-element-caption\">Imagen Ilustrativa.<\/figcaption><\/figure>\n\n\n\n<p>1- IZAMIENTO DE LAS BANDERAS DE CEREMONIA POR LA CONCEJAL MARIANA<br>TERZONI Y EL CONCEJAL JUAN BENITEZ.<br>2- PROYECTOS DE CONCEJALES:<br>A- ESCUELA T\u00c9CNICA N\u00b0 291 \u201cFRAY LUIS BELTR\u00c1N\u201d:<br>1- M.C.: SOLICITUD DE TRANSPORTE P\u00daBLICO PARA EL TRASLADO DE ALUMNOS.<br>2- ORD.: LICENCIA DE CONDUCIR PARA MENORES ENTRE 16 Y 18 A\u00d1OS.<br>B- ESCUELA SUPERIOR DE COMERCIO N\u00b0 51 \u201cDR. MANUEL BELGRANO\u201d:<br>3- M.D.: DECLARACI\u00d3N DE INTER\u00c9S MUNICIPAL AL RECONOCIMIENTO AL DR.<br>FERNANDO BACCI.<br>4- ORD.: CREACI\u00d3N DEL REGISTRO MUNICIPAL ANIMAL.<br>C- ESCUELA NORMAL SUPERIOR N\u00b0 33 \u201cDR. MARIANO MORENO\u201d:<br>5- M.D.: DECLARACI\u00d3N DE INTER\u00c9S MUNICIPAL A LA ORDENANZA N\u00b0 1441 \u2013<br>CONCEJO JOVEN.<br>6- M.D.: DECLARACI\u00d3N DE INTER\u00c9S MUNICIPAL AL ARTISTA FRANCISCO<br>BOSOLETTI.<br>3- ARR\u00cdO DE LAS BANDERAS DE CEREMONIA.<br>INICIO 20:00 HS.<\/p>\n","protected":false},"excerpt":{"rendered":"<p>1- IZAMIENTO DE LAS BANDERAS DE CEREMONIA POR LA CONCEJAL MARIANATERZONI Y EL CONCEJAL JUAN BENITEZ.2- PROYECTOS DE CONCEJALES:A- ESCUELA T\u00c9CNICA N\u00b0 291 \u201cFRAY LUIS BELTR\u00c1N\u201d:1- M.C.: SOLICITUD DE TRANSPORTE P\u00daBLICO PARA EL TRASLADO DE ALUMNOS.2- ORD.: LICENCIA DE CONDUCIR PARA MENORES ENTRE 16 Y 18 A\u00d1OS.B- ESCUELA SUPERIOR DE COMERCIO N\u00b0 51 \u201cDR. MANUEL <a href=\"https:\/\/armstrongyregion.com.ar\/diario\/armstrong-orden-del-dia-concejo-joven\/\" title=\"Read more\" >&#8230;<\/a><\/p>\n","protected":false},"author":1,"featured_media":23033,"comment_status":"open","ping_status":"open","sticky":false,"template":"","format":"image","meta":{"_jetpack_memberships_contains_paid_content":false,"footnotes":"","jetpack_publicize_message":"","jetpack_publicize_feature_enabled":true,"jetpack_social_post_already_shared":true,"jetpack_social_options":{"image_generator_settings":{"template":"highway","default_image_id":0,"enabled":false},"version":2}},"categories":[6,8,1,2,7,3],"tags":[20,868,53,793,688,1570],"class_list":["post-36422","post","type-post","status-publish","format-image","has-post-thumbnail","hentry","category-cultura-entretenimiento","category-deliberando","category-diario-armstrong","category-locales","category-politica","category-region","tag-armstrong","tag-concejo","tag-del","tag-dia","tag-joven","tag-orden","post_format-post-format-image"],"jetpack_publicize_connections":[],"jetpack_featured_media_url":"https:\/\/armstrongyregion.com.ar\/diario\/wp-content\/uploads\/2019\/09\/concejo-joven-.jpg","jetpack_shortlink":"https:\/\/wp.me\/p62QDO-9ts","jetpack_sharing_enabled":true,"amp_enabled":true,"_links":{"self":[{"href":"https:\/\/armstrongyregion.com.ar\/diario\/wp-json\/wp\/v2\/posts\/36422","targetHints":{"allow":["GET"]}}],"collection":[{"href":"https:\/\/armstrongyregion.com.ar\/diario\/wp-json\/wp\/v2\/posts"}],"about":[{"href":"https:\/\/armstrongyregion.com.ar\/diario\/wp-json\/wp\/v2\/types\/post"}],"author":[{"embeddable":true,"href":"https:\/\/armstrongyregion.com.ar\/diario\/wp-json\/wp\/v2\/users\/1"}],"replies":[{"embeddable":true,"href":"https:\/\/armstrongyregion.com.ar\/diario\/wp-json\/wp\/v2\/comments?post=36422"}],"version-history":[{"count":1,"href":"https:\/\/armstrongyregion.com.ar\/diario\/wp-json\/wp\/v2\/posts\/36422\/revisions"}],"predecessor-version":[{"id":36423,"href":"https:\/\/armstrongyregion.com.ar\/diario\/wp-json\/wp\/v2\/posts\/36422\/revisions\/36423"}],"wp:featuredmedia":[{"embeddable":true,"href":"https:\/\/armstrongyregion.com.ar\/diario\/wp-json\/wp\/v2\/media\/23033"}],"wp:attachment":[{"href":"https:\/\/armstrongyregion.com.ar\/diario\/wp-json\/wp\/v2\/media?parent=36422"}],"wp:term":[{"taxonomy":"category","embeddable":true,"href":"https:\/\/armstrongyregion.com.ar\/diario\/wp-json\/wp\/v2\/categories?post=36422"},{"taxonomy":"post_tag","embeddable":true,"href":"https:\/\/armstrongyregion.com.ar\/diario\/wp-json\/wp\/v2\/tags?post=36422"}],"curies":[{"name":"wp","href":"https:\/\/api.w.org\/{rel}","templated":true}]}}