{"id":36408,"date":"2022-11-10T15:09:46","date_gmt":"2022-11-10T15:09:46","guid":{"rendered":"https:\/\/armstrongyregion.com.ar\/diario\/?p=36408"},"modified":"2022-11-10T15:09:50","modified_gmt":"2022-11-10T15:09:50","slug":"informe-area-de-orden-publico-08-11-2022","status":"publish","type":"post","link":"https:\/\/armstrongyregion.com.ar\/diario\/informe-area-de-orden-publico-08-11-2022\/","title":{"rendered":"Informe \u00c1rea de Orden P\u00fablico 08-11-2022"},"content":{"rendered":"\n<figure class=\"wp-block-image size-full\"><a href=\"http:\/\/armstrongyregion.com.ar\/diario\/wp-content\/uploads\/2022\/11\/orden-1-.jpg\"><img loading=\"lazy\" decoding=\"async\" width=\"400\" height=\"300\" src=\"http:\/\/armstrongyregion.com.ar\/diario\/wp-content\/uploads\/2022\/11\/orden-1-.jpg\" alt=\"\" class=\"wp-image-36409\" srcset=\"https:\/\/armstrongyregion.com.ar\/diario\/wp-content\/uploads\/2022\/11\/orden-1-.jpg 400w, https:\/\/armstrongyregion.com.ar\/diario\/wp-content\/uploads\/2022\/11\/orden-1--300x225.jpg 300w\" sizes=\"auto, (max-width: 400px) 100vw, 400px\" \/><\/a><\/figure>\n\n\n\n<p>El \u00c1rea de Orden P\u00fablico de la Municipalidad de Armstrong inform\u00f3 que el d\u00eda viernes 4 de noviembre se realiz\u00f3 un operativo vehicular de prevenci\u00f3n junto a personal de la Comisar\u00eda Tercera de Armstrong e inspectores de tr\u00e1nsito municipal, tanto en zona urbana como en accesos de la ciudad.<\/p>\n\n\n\n<p> <\/p>\n\n\n\n<p>Tambi\u00e9n se efectu\u00f3 un patrullaje preventivo en horarios nocturnos por distintos circuitos, comprendiendo zona comercial, plazas, parques y paseos, coordinados con la polic\u00eda local.<\/p>\n\n\n\n<p>El s\u00e1bado 5 de noviembre 03:45 hs. en la intersecci\u00f3n de calles Fischer y Berthillod se produjo el secuestro de un motoveh\u00edculo cuyo conductor infractor es menor de edad. El ciclomotor se remiti\u00f3 al corral\u00f3n. Interviene el Juzgado de Faltas Municipal.<\/p>\n\n\n\n<p>En Ruta Nacional N\u00b0 9 y calle Paraguay se realiz\u00f3 un operativo de control en conjunto con la Agencia Provincial de Seguridad Vial, Polic\u00eda de Seguridad Vial y Comisar\u00eda III, consistente en alcoholemias, fiscalizaci\u00f3n de documentaci\u00f3n obligatoria para circular, excesos de pasajeros, uso de dispositivos de seguridad, etc.<\/p>\n\n\n\n<figure class=\"wp-block-image size-full\"><a href=\"http:\/\/armstrongyregion.com.ar\/diario\/wp-content\/uploads\/2022\/11\/orden-publico-2-.jpg\"><img loading=\"lazy\" decoding=\"async\" width=\"640\" height=\"417\" src=\"http:\/\/armstrongyregion.com.ar\/diario\/wp-content\/uploads\/2022\/11\/orden-publico-2-.jpg\" alt=\"\" class=\"wp-image-36410\" srcset=\"https:\/\/armstrongyregion.com.ar\/diario\/wp-content\/uploads\/2022\/11\/orden-publico-2-.jpg 640w, https:\/\/armstrongyregion.com.ar\/diario\/wp-content\/uploads\/2022\/11\/orden-publico-2--300x195.jpg 300w\" sizes=\"auto, (max-width: 640px) 100vw, 640px\" \/><\/a><\/figure>\n\n\n\n<p>El mismo arroj\u00f3 como resultado una infracci\u00f3n y retenci\u00f3n de licencia habilitante para conducir (principiante); una infracci\u00f3n por falta de seguro; y dos alcoholemias positivas. Se procedi\u00f3 al secuestro de una pick up, un autom\u00f3vil y una motocicleta.<\/p>\n\n\n\n<p>El domingo 6 de noviembre, operativo vehicular conjuntamente con Polic\u00eda local en Fischer y Berthillod, Fischer e Hip\u00f3lito Irigoyen, y calles San Mart\u00edn, Crucianelli y Fischer.<\/p>\n\n\n\n<p><\/p>\n\n\n\n<p>Este lunes 7 de noviembre, a las 13 hs. en Ruta Nacional N\u00b0 9 Km. 395 entre Iraci y San Luis, con colaboraci\u00f3n policial se produjo el secuestro de un motoveh\u00edculo marca Honda 125 cc conducido por un joven de 19 a\u00f1os de la ciudad de Ca\u00f1ada de G\u00f3mez, por circular sin documentaci\u00f3n del veh\u00edculo, sin licencia habilitante para conducir, sin casco \u00e9l y su acompa\u00f1ante, y con fugas reiteradas.<\/p>\n\n\n\n<p>El veh\u00edculo fue trasladado al dep\u00f3sito, a disposici\u00f3n del Juzgado de Faltas Municipal.<\/p>\n","protected":false},"excerpt":{"rendered":"<p>El \u00c1rea de Orden P\u00fablico de la Municipalidad de Armstrong inform\u00f3 que el d\u00eda viernes 4 de noviembre se realiz\u00f3 un operativo vehicular de prevenci\u00f3n junto a personal de la Comisar\u00eda Tercera de Armstrong e inspectores de tr\u00e1nsito municipal, tanto en zona urbana como en accesos de la ciudad. Tambi\u00e9n se efectu\u00f3 un patrullaje preventivo <a href=\"https:\/\/armstrongyregion.com.ar\/diario\/informe-area-de-orden-publico-08-11-2022\/\" title=\"Read more\" >&#8230;<\/a><\/p>\n","protected":false},"author":1,"featured_media":36409,"comment_status":"open","ping_status":"open","sticky":false,"template":"","format":"image","meta":{"_jetpack_memberships_contains_paid_content":false,"footnotes":"","jetpack_publicize_message":"","jetpack_publicize_feature_enabled":true,"jetpack_social_post_already_shared":true,"jetpack_social_options":{"image_generator_settings":{"template":"highway","default_image_id":0,"enabled":false},"version":2}},"categories":[6,8,1,2,7,3],"tags":[903,20,19,1570,8585],"class_list":["post-36408","post","type-post","status-publish","format-image","has-post-thumbnail","hentry","category-cultura-entretenimiento","category-deliberando","category-diario-armstrong","category-locales","category-politica","category-region","tag-area","tag-armstrong","tag-de","tag-orden","tag-publico-2","post_format-post-format-image"],"jetpack_publicize_connections":[],"jetpack_featured_media_url":"https:\/\/armstrongyregion.com.ar\/diario\/wp-content\/uploads\/2022\/11\/orden-1-.jpg","jetpack_shortlink":"https:\/\/wp.me\/p62QDO-9te","jetpack_sharing_enabled":true,"amp_enabled":true,"_links":{"self":[{"href":"https:\/\/armstrongyregion.com.ar\/diario\/wp-json\/wp\/v2\/posts\/36408","targetHints":{"allow":["GET"]}}],"collection":[{"href":"https:\/\/armstrongyregion.com.ar\/diario\/wp-json\/wp\/v2\/posts"}],"about":[{"href":"https:\/\/armstrongyregion.com.ar\/diario\/wp-json\/wp\/v2\/types\/post"}],"author":[{"embeddable":true,"href":"https:\/\/armstrongyregion.com.ar\/diario\/wp-json\/wp\/v2\/users\/1"}],"replies":[{"embeddable":true,"href":"https:\/\/armstrongyregion.com.ar\/diario\/wp-json\/wp\/v2\/comments?post=36408"}],"version-history":[{"count":2,"href":"https:\/\/armstrongyregion.com.ar\/diario\/wp-json\/wp\/v2\/posts\/36408\/revisions"}],"predecessor-version":[{"id":36412,"href":"https:\/\/armstrongyregion.com.ar\/diario\/wp-json\/wp\/v2\/posts\/36408\/revisions\/36412"}],"wp:featuredmedia":[{"embeddable":true,"href":"https:\/\/armstrongyregion.com.ar\/diario\/wp-json\/wp\/v2\/media\/36409"}],"wp:attachment":[{"href":"https:\/\/armstrongyregion.com.ar\/diario\/wp-json\/wp\/v2\/media?parent=36408"}],"wp:term":[{"taxonomy":"category","embeddable":true,"href":"https:\/\/armstrongyregion.com.ar\/diario\/wp-json\/wp\/v2\/categories?post=36408"},{"taxonomy":"post_tag","embeddable":true,"href":"https:\/\/armstrongyregion.com.ar\/diario\/wp-json\/wp\/v2\/tags?post=36408"}],"curies":[{"name":"wp","href":"https:\/\/api.w.org\/{rel}","templated":true}]}}