{"id":36389,"date":"2022-11-10T03:40:42","date_gmt":"2022-11-10T03:40:42","guid":{"rendered":"https:\/\/armstrongyregion.com.ar\/diario\/?p=36389"},"modified":"2022-11-10T03:40:43","modified_gmt":"2022-11-10T03:40:43","slug":"la-provincia-relanzo-el-curso-sobre-ley-micaela-con-un-nuevo-sitio-web","status":"publish","type":"post","link":"https:\/\/armstrongyregion.com.ar\/diario\/la-provincia-relanzo-el-curso-sobre-ley-micaela-con-un-nuevo-sitio-web\/","title":{"rendered":"La provincia relanz\u00f3 el curso sobre Ley Micaela con un nuevo sitio web"},"content":{"rendered":"\n<figure class=\"wp-block-table\"><table><tbody><tr><td>El nuevo curso y el nuevo sitio fueron desarrollados por equipos provinciales y el Equipo del Proyecto de Educaci\u00f3n y Tecnolog\u00edas de la Facultad Latinoamericana de Ciencias Sociales (FLACSO).<\/td><\/tr><\/tbody><\/table><\/figure>\n\n\n\n<figure class=\"wp-block-image size-full\"><a href=\"http:\/\/armstrongyregion.com.ar\/diario\/wp-content\/uploads\/2022\/11\/ley-micaela-.jpg\"><img loading=\"lazy\" decoding=\"async\" width=\"557\" height=\"320\" src=\"http:\/\/armstrongyregion.com.ar\/diario\/wp-content\/uploads\/2022\/11\/ley-micaela-.jpg\" alt=\"\" class=\"wp-image-36390\" srcset=\"https:\/\/armstrongyregion.com.ar\/diario\/wp-content\/uploads\/2022\/11\/ley-micaela-.jpg 557w, https:\/\/armstrongyregion.com.ar\/diario\/wp-content\/uploads\/2022\/11\/ley-micaela--300x172.jpg 300w\" sizes=\"auto, (max-width: 557px) 100vw, 557px\" \/><\/a><\/figure>\n\n\n\n<p>El gobierno de Santa Fe, a trav\u00e9s del Ministerio de Igualdad,G\u00e9nero y Diversidad, present\u00f3 este mi\u00e9rcoles la nueva web de Formaci\u00f3n para la Igualdad y el nuevo curso obligatorio de Ley Micaela para agentes del Estado en el Galp\u00f3n 15 de la ciudad de Rosario.<\/p>\n\n\n\n<p>El acto estuvo encabezado por la vicegobernadora Alejandra Rodenas y las ministras de Igualdad, G\u00e9nero y Diversidad, Florencia Marinaro, y de Gobierno, Justicia y Derechos Humanos, Celia Arena. Cont\u00f3, adem\u00e1s, con la participaci\u00f3n de los padres de Micaela Garc\u00eda y responsables de la Fundaci\u00f3n Micaela Garc\u00eda \u201cLa Negra\u201d, Andrea Lescano y N\u00e9stor \u201cYuyo\u201d Garc\u00eda, adem\u00e1s de representantes del Equipo del Proyecto de Educaci\u00f3n y Tecnolog\u00edas de la Facultad Latinoamericana de Ciencias Sociales (FLACSO).<\/p>\n\n\n\n<p>El sitio \u201cFormaci\u00f3n para la Igualdad\u201d, al que se puede acceder en&nbsp;<a href=\"http:\/\/www.santafe.gob.ar\/leymicaela\" target=\"_blank\" rel=\"noreferrer noopener\">www.santafe.gob.ar\/leymicaela<\/a>,&nbsp; permite compartir con la ciudadan\u00eda toda la oferta de formaci\u00f3n y capacitaci\u00f3n del Ministerio, incluyendo cursos, talleres y diplomaturas y las acciones del Programa Masculinidades por la Igualdad. Adem\u00e1s, all\u00ed se podr\u00e1 acceder y descargar recursos multimedia sobre las distintas tem\u00e1ticas.<\/p>\n\n\n\n<p>En este sitio se aloja la nueva modalidad de Capacitaci\u00f3n Obligatoria en g\u00e9nero para agentes del Estado Provincial, en cumplimiento de la implementaci\u00f3n de la \u201cLey Micaela\u201d. Esta propuesta, desarrollada en conjunto con el Equipo del Proyecto de Educaci\u00f3n y Tecnolog\u00edas de la Facultad Latinoamericana de Ciencias Sociales (FLACSO), es complementaria de las plataformas de capacitaci\u00f3n pre-existentes y presenta algunas innovaciones claves: un dise\u00f1o orientado a facilitar la experiencia de los usuarios y usuarias de la capacitaci\u00f3n, presentando mayor dinamismo e interacci\u00f3n, y un mejor dise\u00f1o a la hora de mostrar los contenidos. Adem\u00e1s, es accesible para personas con discapacidad visual. Y por \u00faltimo, permitir\u00e1 aumentar significativamente la cantidad de agentes provinciales que pueden formarse simult\u00e1neamente.<\/p>\n\n\n\n<p>\u201cHoy Micaela nos est\u00e1 mirando desde alg\u00fan lugar y nos est\u00e1n mirando todas las Micaelas, porque lamentablemente no fue la \u00fanica. Tenemos que abrir nuestra palabra y nuestras interpelaciones hacia el afuera. Estas reflexiones las tenemos que llevar, como se est\u00e1n llevando desde el Ministerio de Igualdad, G\u00e9nero y Diversidad, a los territorios y hacia aquellos y aquellas que se resisten a deconstruir una forma de pensar y sentir el mundo en este momento\u201d, sostuvo Rodenas.<\/p>\n\n\n\n<p>Asimismo, Marinaro manifest\u00f3: \u201cHoy estamos relanzando la Ley Micaela a trav\u00e9s de una nueva plataforma, que se va a llamar Formaci\u00f3n para la Igualdad, que va a contener la capacitaci\u00f3n obligatoria en Ley Micaela para agentes estatales. Una plataforma que adem\u00e1s contiene las diplomaturas en formaci\u00f3n y capacitaci\u00f3n que tenemos en la provincia, que son cuatro\u201d.<\/p>\n\n\n\n<p>\u201cEs un relanzamiento de un camino que inici\u00f3 en aquel momento nuestra hoy ministra de Gobierno, Celia Arena, junto con Yuyo y con Andrea, con la Fundaci\u00f3n de Micaela Garc\u00eda. Y que hoy estamos consolidando en la mitad de la gesti\u00f3n con una nueva plataforma autogestiva, autoadministrada, interactiva, que nos permite triplicar y cuatriplicar la cantidad de agentes estatales a los que vamos a llegar a trav\u00e9s de esta nueva plataforma\u201d, agreg\u00f3 la ministra de Igualdad, G\u00e9nero y Diversidad.<\/p>\n\n\n\n<p>Seguidamente, la ministra Arena asegur\u00f3 que \u201ccuando iniciamos la gesti\u00f3n, all\u00e1 por diciembre de 2019, comenzamos una instrumentaci\u00f3n de la Ley Micaela muy abierta, muy con la posibilidad de participar, no solamente la administraci\u00f3n p\u00fablica, que es de lo que estamos hablando hoy, sino tambi\u00e9n para toda la comunidad. Tambi\u00e9n llevamos adelante una diplomatura de Micaela para la ciudadan\u00eda. Y siempre trabajando en conjunto con Yuyo y con Andrea\u201d.<\/p>\n\n\n\n<p>\u201dPara nosotros, para nuestro gobernador, es necesario que todas las personas puedan tener estas herramientas, que puedan conocer c\u00f3mo con cada decisi\u00f3n que se toma podemos contribuir a cerrar brechas de desigualdad o podemos contribuir a agrandarlas y profundizarlas\u201d, finaliz\u00f3 la ministra de Gobierno.<\/p>\n\n\n\n<p><strong>SANTA FE PIONERA<\/strong><\/p>\n\n\n\n<p>M\u00e1s adelante durante el acto, Andrea Lescano, de Micaela Garc\u00eda, manifest\u00f3: \u201cEsta es una ley que naci\u00f3 para los tres estamentos del Estado, los tres poderes del Estado, pero sin embargo es una ley que se la apropi\u00f3 la sociedad. Entonces es bienvenido esto de que se pueda llegar a m\u00e1s porque la gran problem\u00e1tica que se est\u00e1 teniendo a nivel pa\u00eds es qui\u00e9nes dictan este tipo de capacitaciones. Y Santa Fe actualmente es una de las pioneras, que viene capacitando a m\u00e1s cantidad. \u00bfFalta? Y s\u00ed, va a faltar siempre, pero el camino que est\u00e1n transitando es mucho. La brecha que hay con el resto es ampl\u00edsima porque est\u00e1n alcanzando a mucha m\u00e1s cantidad de personas. Siempre va a haber una queja, siempre va a haber algo que est\u00e1 faltando\u201d.<\/p>\n\n\n\n<p>\u201cRealmente ac\u00e1, en Santa Fe se viene trabajando la ley maravillosamente y ojal\u00e1 muchos de otros lugares tambi\u00e9n. Y Naci\u00f3n ha tomado Ley Micaela en la ciudadan\u00eda desde ac\u00e1. Porque desde ac\u00e1 se ha hecho realmente eso. As\u00ed que nosotros estamos s\u00faper felices y siempre lo venimos recalcando, en todos los lugares a donde vamos, que ojal\u00e1 todas las provincias trabajaran como trabajan ac\u00e1. As\u00ed que nosotros, m\u00e1s que agradecidos\u201d, complet\u00f3.<\/p>\n\n\n\n<p><strong>ESPACIO INTERACTIVO<\/strong><\/p>\n\n\n\n<p>Previo al comienzo del acto, los y las asistentes, fundamentalmente agentes estatales, representantes de sindicatos y organizaciones, entre otros, pudieron navegar el sitio y conocer las distintas funcionalidades. Adem\u00e1s, pudieron participar de las actividades del Espacio Interactivo para la Igualdad.<\/p>\n\n\n\n<p>Durante la presentaci\u00f3n, el secretario de Formaci\u00f3n y Capacitaci\u00f3n para la Igualdad, Luciano Fabbri y la directora de Capacitaci\u00f3n en G\u00e9nero y Diversidad, Sol Rodriguez, junto a Soledad G\u00e1lvez, presidenta de la Federaci\u00f3n Argentina de Instituciones de Ciegos y del Movimiento de personas con discapacidad visual \u201cMirame Bien\u201d, de Santa Fe y a M\u00f3nica Trech y Christian Milillo, coordinadores generales del Proyecto de Educaci\u00f3n y Tecnolog\u00edas de Flacso Argentina, compartieron con los y las presentes las particularidades del nuevo sitio.<\/p>\n\n\n\n<p>Esta nueva modalidad no est\u00e1 dirigida a agentes de seguridad, salud y educaci\u00f3n, ya que cuentan con dise\u00f1os espec\u00edficos en las plataformas de formaci\u00f3n laboral, ATE y UPCN. Tampoco deben inscribirse en este curso quienes ya hayan aprobado su curso en \u201cLey Micaela\u201d para agentes del Estado en las ediciones cohortes anteriores. Participaron del relanzamiento, las diputadas provinciales Lucila De Ponti, C\u00e9sira Arcando, Lionella Cattalini y M\u00f3nica Peralta; Mariana Caminotti, secretaria de G\u00e9nero y Derechos Humanos de Rosario y funcionarios y funcionarias del Gobierno de Santa Fe, entre otros.<\/p>\n","protected":false},"excerpt":{"rendered":"<p>El nuevo curso y el nuevo sitio fueron desarrollados por equipos provinciales y el Equipo del Proyecto de Educaci\u00f3n y Tecnolog\u00edas de la Facultad Latinoamericana de Ciencias Sociales (FLACSO). El gobierno de Santa Fe, a trav\u00e9s del Ministerio de Igualdad,G\u00e9nero y Diversidad, present\u00f3 este mi\u00e9rcoles la nueva web de Formaci\u00f3n para la Igualdad y el <a href=\"https:\/\/armstrongyregion.com.ar\/diario\/la-provincia-relanzo-el-curso-sobre-ley-micaela-con-un-nuevo-sitio-web\/\" title=\"Read more\" >&#8230;<\/a><\/p>\n","protected":false},"author":1,"featured_media":36390,"comment_status":"open","ping_status":"open","sticky":false,"template":"","format":"image","meta":{"_jetpack_memberships_contains_paid_content":false,"footnotes":"","jetpack_publicize_message":"","jetpack_publicize_feature_enabled":true,"jetpack_social_post_already_shared":true,"jetpack_social_options":{"image_generator_settings":{"template":"highway","default_image_id":0,"enabled":false},"version":2}},"categories":[6,8,1,2,7,3],"tags":[412,4031,8571,8572,8573],"class_list":["post-36389","post","type-post","status-publish","format-image","has-post-thumbnail","hentry","category-cultura-entretenimiento","category-deliberando","category-diario-armstrong","category-locales","category-politica","category-region","tag-curso","tag-ley","tag-micaela","tag-sitio","tag-web","post_format-post-format-image"],"jetpack_publicize_connections":[],"jetpack_featured_media_url":"https:\/\/armstrongyregion.com.ar\/diario\/wp-content\/uploads\/2022\/11\/ley-micaela-.jpg","jetpack_shortlink":"https:\/\/wp.me\/p62QDO-9sV","jetpack_sharing_enabled":true,"amp_enabled":true,"_links":{"self":[{"href":"https:\/\/armstrongyregion.com.ar\/diario\/wp-json\/wp\/v2\/posts\/36389","targetHints":{"allow":["GET"]}}],"collection":[{"href":"https:\/\/armstrongyregion.com.ar\/diario\/wp-json\/wp\/v2\/posts"}],"about":[{"href":"https:\/\/armstrongyregion.com.ar\/diario\/wp-json\/wp\/v2\/types\/post"}],"author":[{"embeddable":true,"href":"https:\/\/armstrongyregion.com.ar\/diario\/wp-json\/wp\/v2\/users\/1"}],"replies":[{"embeddable":true,"href":"https:\/\/armstrongyregion.com.ar\/diario\/wp-json\/wp\/v2\/comments?post=36389"}],"version-history":[{"count":2,"href":"https:\/\/armstrongyregion.com.ar\/diario\/wp-json\/wp\/v2\/posts\/36389\/revisions"}],"predecessor-version":[{"id":36392,"href":"https:\/\/armstrongyregion.com.ar\/diario\/wp-json\/wp\/v2\/posts\/36389\/revisions\/36392"}],"wp:featuredmedia":[{"embeddable":true,"href":"https:\/\/armstrongyregion.com.ar\/diario\/wp-json\/wp\/v2\/media\/36390"}],"wp:attachment":[{"href":"https:\/\/armstrongyregion.com.ar\/diario\/wp-json\/wp\/v2\/media?parent=36389"}],"wp:term":[{"taxonomy":"category","embeddable":true,"href":"https:\/\/armstrongyregion.com.ar\/diario\/wp-json\/wp\/v2\/categories?post=36389"},{"taxonomy":"post_tag","embeddable":true,"href":"https:\/\/armstrongyregion.com.ar\/diario\/wp-json\/wp\/v2\/tags?post=36389"}],"curies":[{"name":"wp","href":"https:\/\/api.w.org\/{rel}","templated":true}]}}