{"id":36382,"date":"2022-11-09T12:14:29","date_gmt":"2022-11-09T12:14:29","guid":{"rendered":"https:\/\/armstrongyregion.com.ar\/diario\/?p=36382"},"modified":"2022-11-09T12:23:07","modified_gmt":"2022-11-09T12:23:07","slug":"rasetto-acompano-jornada-de-visibilizacion-por-el-secundario-de-lucio-v-lopez","status":"publish","type":"post","link":"https:\/\/armstrongyregion.com.ar\/diario\/rasetto-acompano-jornada-de-visibilizacion-por-el-secundario-de-lucio-v-lopez\/","title":{"rendered":"<strong>Rasetto acompa\u00f1\u00f3 jornada de visibilizaci\u00f3n por el Secundario de Lucio V. L\u00f3pez.<\/strong>"},"content":{"rendered":"\n<figure class=\"wp-block-image size-full\"><a href=\"http:\/\/armstrongyregion.com.ar\/diario\/wp-content\/uploads\/2022\/11\/Lucio-V-Lopez.jpg\"><img loading=\"lazy\" decoding=\"async\" width=\"640\" height=\"394\" src=\"http:\/\/armstrongyregion.com.ar\/diario\/wp-content\/uploads\/2022\/11\/Lucio-V-Lopez.jpg\" alt=\"\" class=\"wp-image-36383\" srcset=\"https:\/\/armstrongyregion.com.ar\/diario\/wp-content\/uploads\/2022\/11\/Lucio-V-Lopez.jpg 640w, https:\/\/armstrongyregion.com.ar\/diario\/wp-content\/uploads\/2022\/11\/Lucio-V-Lopez-300x185.jpg 300w\" sizes=\"auto, (max-width: 640px) 100vw, 640px\" \/><\/a><\/figure>\n\n\n\n<p>El Senador Hugo Jes\u00fas Rasetto, particip\u00f3 este martes de una jornada de visibilizaci\u00f3n en Lucio V. L\u00f3pez para la creaci\u00f3n del secundario completo en la localidad.<\/p>\n\n\n\n<p>\u201cLucio V. L\u00f3pez hoy no tiene secundario completo. Cuando se abren escuelas secundarias en pueblos donde no hab\u00eda, se crean primero los primeros a\u00f1os, para luego crear el secundario completo. Hoy participamos de una jornada junto a todos los actores sociales, econ\u00f3micos, pol\u00edticos, educativos de la localidad, para visibilizar el tema y que el Ministerio de Educaci\u00f3n de Santa Fe disponga finalmente la creaci\u00f3n del secundario completo en Lucio V. L\u00f3pez\u201d expres\u00f3 el Senador Rasetto.<\/p>\n","protected":false},"excerpt":{"rendered":"<p>El Senador Hugo Jes\u00fas Rasetto, particip\u00f3 este martes de una jornada de visibilizaci\u00f3n en Lucio V. L\u00f3pez para la creaci\u00f3n del secundario completo en la localidad. \u201cLucio V. L\u00f3pez hoy no tiene secundario completo. Cuando se abren escuelas secundarias en pueblos donde no hab\u00eda, se crean primero los primeros a\u00f1os, para luego crear el secundario <a href=\"https:\/\/armstrongyregion.com.ar\/diario\/rasetto-acompano-jornada-de-visibilizacion-por-el-secundario-de-lucio-v-lopez\/\" title=\"Read more\" >&#8230;<\/a><\/p>\n","protected":false},"author":1,"featured_media":36383,"comment_status":"open","ping_status":"open","sticky":false,"template":"","format":"image","meta":{"_jetpack_memberships_contains_paid_content":false,"footnotes":"","jetpack_publicize_message":"","jetpack_publicize_feature_enabled":true,"jetpack_social_post_already_shared":true,"jetpack_social_options":{"image_generator_settings":{"template":"highway","default_image_id":0,"enabled":false},"version":2}},"categories":[6,8,1,7,3],"tags":[1291,977,8570],"class_list":["post-36382","post","type-post","status-publish","format-image","has-post-thumbnail","hentry","category-cultura-entretenimiento","category-deliberando","category-diario-armstrong","category-politica","category-region","tag-jornada","tag-rasetto","tag-visibilizacion","post_format-post-format-image"],"jetpack_publicize_connections":[],"jetpack_featured_media_url":"https:\/\/armstrongyregion.com.ar\/diario\/wp-content\/uploads\/2022\/11\/Lucio-V-Lopez.jpg","jetpack_shortlink":"https:\/\/wp.me\/p62QDO-9sO","jetpack_sharing_enabled":true,"amp_enabled":true,"_links":{"self":[{"href":"https:\/\/armstrongyregion.com.ar\/diario\/wp-json\/wp\/v2\/posts\/36382","targetHints":{"allow":["GET"]}}],"collection":[{"href":"https:\/\/armstrongyregion.com.ar\/diario\/wp-json\/wp\/v2\/posts"}],"about":[{"href":"https:\/\/armstrongyregion.com.ar\/diario\/wp-json\/wp\/v2\/types\/post"}],"author":[{"embeddable":true,"href":"https:\/\/armstrongyregion.com.ar\/diario\/wp-json\/wp\/v2\/users\/1"}],"replies":[{"embeddable":true,"href":"https:\/\/armstrongyregion.com.ar\/diario\/wp-json\/wp\/v2\/comments?post=36382"}],"version-history":[{"count":1,"href":"https:\/\/armstrongyregion.com.ar\/diario\/wp-json\/wp\/v2\/posts\/36382\/revisions"}],"predecessor-version":[{"id":36384,"href":"https:\/\/armstrongyregion.com.ar\/diario\/wp-json\/wp\/v2\/posts\/36382\/revisions\/36384"}],"wp:featuredmedia":[{"embeddable":true,"href":"https:\/\/armstrongyregion.com.ar\/diario\/wp-json\/wp\/v2\/media\/36383"}],"wp:attachment":[{"href":"https:\/\/armstrongyregion.com.ar\/diario\/wp-json\/wp\/v2\/media?parent=36382"}],"wp:term":[{"taxonomy":"category","embeddable":true,"href":"https:\/\/armstrongyregion.com.ar\/diario\/wp-json\/wp\/v2\/categories?post=36382"},{"taxonomy":"post_tag","embeddable":true,"href":"https:\/\/armstrongyregion.com.ar\/diario\/wp-json\/wp\/v2\/tags?post=36382"}],"curies":[{"name":"wp","href":"https:\/\/api.w.org\/{rel}","templated":true}]}}