{"id":3638,"date":"2015-08-17T22:40:38","date_gmt":"2015-08-17T22:40:38","guid":{"rendered":"https:\/\/armstrongyregion.com.ar\/diario\/?p=3638"},"modified":"2015-08-17T22:40:38","modified_gmt":"2015-08-17T22:40:38","slug":"armstrong-celebro-un-nuevo-aniversario-del-fallecimiento-del-gral-san-martin","status":"publish","type":"post","link":"https:\/\/armstrongyregion.com.ar\/diario\/armstrong-celebro-un-nuevo-aniversario-del-fallecimiento-del-gral-san-martin\/","title":{"rendered":"Armstrong celebro un nuevo Aniversario del fallecimiento del Gral. San Mart\u00edn."},"content":{"rendered":"<p><a href=\"http:\/\/armstrongyregion.com.ar\/diario\/wp-content\/uploads\/2015\/08\/IMG-20150817-WA0011.jpg\"><img loading=\"lazy\" decoding=\"async\" class=\"alignnone size-medium wp-image-3639\" src=\"http:\/\/armstrongyregion.com.ar\/diario\/wp-content\/uploads\/2015\/08\/IMG-20150817-WA0011-300x225.jpg\" alt=\"Acto-Armstrong-y-Region-\" width=\"300\" height=\"225\" srcset=\"https:\/\/armstrongyregion.com.ar\/diario\/wp-content\/uploads\/2015\/08\/IMG-20150817-WA0011-300x225.jpg 300w, https:\/\/armstrongyregion.com.ar\/diario\/wp-content\/uploads\/2015\/08\/IMG-20150817-WA0011-1024x768.jpg 1024w, https:\/\/armstrongyregion.com.ar\/diario\/wp-content\/uploads\/2015\/08\/IMG-20150817-WA0011.jpg 1280w\" sizes=\"auto, (max-width: 300px) 100vw, 300px\" \/><\/a>Hoy a partir de las 14 hs. en la Estaci\u00f3n MAS, se celebr\u00f3 un nuevo aniversario del fallecimiento del Gral Jos\u00e9 de San Mart\u00edn.<\/p>\n<p>El intendente local Dr. Pablo Verdecchia en el 165\u00b0 aniversario expres\u00f3 que, \u00abLa denominaci\u00f3n de Padre de la Patria no es solo una denominaci\u00f3n sino el reconocimiento de los patriotas que permitieron concretar lo que es nuestra Argentina\u00bb.<\/p>\n<p>En esta oportunidad, participaron \u00a0las comunidades educativas de las escuelas N\u00b0 262 \u201cDomingo F. Sarmiento\u201d y de Educaci\u00f3n T\u00e9cnica N\u00b0 291 \u201cTte. Cnel. Fray Luis Beltr\u00e1n\u201d.<\/p>\n","protected":false},"excerpt":{"rendered":"<p>Hoy a partir de las 14 hs. en la Estaci\u00f3n MAS, se celebr\u00f3 un nuevo aniversario del fallecimiento del Gral Jos\u00e9 de San Mart\u00edn. El intendente local Dr. Pablo Verdecchia en el 165\u00b0 aniversario expres\u00f3 que, \u00abLa denominaci\u00f3n de Padre de la Patria no es solo una denominaci\u00f3n sino el reconocimiento de los patriotas que <a href=\"https:\/\/armstrongyregion.com.ar\/diario\/armstrong-celebro-un-nuevo-aniversario-del-fallecimiento-del-gral-san-martin\/\" title=\"Read more\" >&#8230;<\/a><\/p>\n","protected":false},"author":2,"featured_media":3639,"comment_status":"open","ping_status":"open","sticky":false,"template":"","format":"standard","meta":{"_jetpack_memberships_contains_paid_content":false,"footnotes":"","jetpack_publicize_message":"","jetpack_publicize_feature_enabled":true,"jetpack_social_post_already_shared":false,"jetpack_social_options":{"image_generator_settings":{"template":"highway","default_image_id":0,"enabled":false},"version":2}},"categories":[6,1,2],"tags":[18,20,2040,53,2356,2203,285,51,284,192],"class_list":["post-3638","post","type-post","status-publish","format-standard","has-post-thumbnail","hentry","category-cultura-entretenimiento","category-diario-armstrong","category-locales","tag-aniversario","tag-armstrong","tag-celebro","tag-del","tag-fallecimiento","tag-gral","tag-martin","tag-nuevo","tag-san","tag-un"],"jetpack_publicize_connections":[],"jetpack_featured_media_url":"https:\/\/armstrongyregion.com.ar\/diario\/wp-content\/uploads\/2015\/08\/IMG-20150817-WA0011.jpg","jetpack_shortlink":"https:\/\/wp.me\/p62QDO-WG","jetpack_sharing_enabled":true,"amp_enabled":true,"_links":{"self":[{"href":"https:\/\/armstrongyregion.com.ar\/diario\/wp-json\/wp\/v2\/posts\/3638","targetHints":{"allow":["GET"]}}],"collection":[{"href":"https:\/\/armstrongyregion.com.ar\/diario\/wp-json\/wp\/v2\/posts"}],"about":[{"href":"https:\/\/armstrongyregion.com.ar\/diario\/wp-json\/wp\/v2\/types\/post"}],"author":[{"embeddable":true,"href":"https:\/\/armstrongyregion.com.ar\/diario\/wp-json\/wp\/v2\/users\/2"}],"replies":[{"embeddable":true,"href":"https:\/\/armstrongyregion.com.ar\/diario\/wp-json\/wp\/v2\/comments?post=3638"}],"version-history":[{"count":0,"href":"https:\/\/armstrongyregion.com.ar\/diario\/wp-json\/wp\/v2\/posts\/3638\/revisions"}],"wp:featuredmedia":[{"embeddable":true,"href":"https:\/\/armstrongyregion.com.ar\/diario\/wp-json\/wp\/v2\/media\/3639"}],"wp:attachment":[{"href":"https:\/\/armstrongyregion.com.ar\/diario\/wp-json\/wp\/v2\/media?parent=3638"}],"wp:term":[{"taxonomy":"category","embeddable":true,"href":"https:\/\/armstrongyregion.com.ar\/diario\/wp-json\/wp\/v2\/categories?post=3638"},{"taxonomy":"post_tag","embeddable":true,"href":"https:\/\/armstrongyregion.com.ar\/diario\/wp-json\/wp\/v2\/tags?post=3638"}],"curies":[{"name":"wp","href":"https:\/\/api.w.org\/{rel}","templated":true}]}}